{"id":6802,"date":"2019-06-09T18:13:00","date_gmt":"2019-06-09T21:13:00","guid":{"rendered":"http:\/\/www.toque-musicall.com\/?p=6802"},"modified":"2019-07-14T18:16:16","modified_gmt":"2019-07-14T21:16:16","slug":"jair-rodrigues-menino-rei-da-alegria-1968","status":"publish","type":"post","link":"https:\/\/www.toque-musicall.com\/?p=6802","title":{"rendered":"Jair Rodrigues &#8211; Menino Rei Da Alegria (1968)"},"content":{"rendered":"\n<figure class=\"wp-block-image\"><img decoding=\"async\" src=\"https:\/\/1.bp.blogspot.com\/-BPFdULSZTUU\/XSuJNEHc4hI\/AAAAAAAAPzc\/bWYkwco35DERUHPSYu7m4v4MenVoj4KUQCLcBGAs\/s640\/capa.jpg\" alt=\"\"\/><\/figure>\n\n\n\n<figure class=\"wp-block-image\"><img decoding=\"async\" src=\"https:\/\/1.bp.blogspot.com\/-hIHoLH-5C4g\/XSuJMuFfw5I\/AAAAAAAAPzY\/L9Y9nx0iNdULLOYJ1sf_bZLNztFrTzZvACLcBGAs\/s640\/contra.jpg\" alt=\"\"\/><\/figure>\n\n\n<p style=\"font-weight: 400;\">Ol\u00e1, amigos cultos e ocultos! O Toque Musical apresenta hoje mais um disco desse not\u00e1vel cantor que foi Jair Rodrigues, por sinal dos mais raros. \u00c9 \u201cMenino rei da alegria\u201d, lan\u00e7ado em 1968. O repert\u00f3rio mant\u00e9m a qualidade habitual de Jair nessa \u00e9poca, apresentando m\u00fasicas de Nonato Buzar, Roberto Menescal, S\u00edlvio C\u00e9sar, Rildo Hora, Luiz Vieira, Monsueto, Carlos Imperial, da dupla Edu Lobo-Ruy Guerra e dos irm\u00e3os Valle. A surpresa, aqui, fica por conta da inclus\u00e3o de \u201cPra n\u00e3o dizer que n\u00e3o falei das flores (Caminhando)\u201d, a ent\u00e3o pol\u00eamica composi\u00e7\u00e3o de Geraldo Vandr\u00e9 que tanto mal-estar causou nos militares que ent\u00e3o governavam o Brasil, e acabou proibida pela censura, sendo liberada apenas onze anos depois, em 1979 (provavelmente este \u00e1lbum de Jair tamb\u00e9m foi recolhido). Encerrando o \u00e1lbum, um popurri de sambas antigos, no qual a m\u00fasica de encerramento \u00e9 \u201cSe \u00e9 pecado sambar\u201d, e n\u00e3o \u201c\u00c9 com esse que eu vou\u201d, como erroneamente consta da contracapa. Enfim, mais um primoroso trabalho de Jair Rodrigues, para enriquecer os acervos de tantos quantos apreciem nossa m\u00fasica popular no que ela tem de melhor.<\/p>\n<p style=\"font-weight: 400; text-align: center;\">pra todo mundo riar<\/p>\n<p style=\"font-weight: 400; text-align: center;\">felicidade<\/p>\n<p style=\"font-weight: 400; text-align: center;\">festa<\/p>\n<p style=\"font-weight: 400; text-align: center;\">repente<\/p>\n<p style=\"font-weight: 400; text-align: center;\">dia da vitoria<\/p>\n<p style=\"font-weight: 400; text-align: center;\">samba da rosa<\/p>\n<p style=\"font-weight: 400; text-align: center;\">regra tr\u00cas<\/p>\n<p style=\"font-weight: 400; text-align: center;\">mar\u00e9 morta<\/p>\n<p style=\"font-weight: 400; text-align: center;\">escrete do samba<\/p>\n<p style=\"font-weight: 400; text-align: center;\">pra n\u00e3o dizer que n\u00e3o falei de flores<\/p>\n<p style=\"font-weight: 400; text-align: center;\">nascimento vida e morte de um samba<\/p>\n<p style=\"font-weight: 400; text-align: center;\">timidez<\/p>\n<p style=\"font-weight: 400; text-align: center;\">partido alto<\/p>\n<p style=\"font-weight: 400; text-align: center;\">pot pourri<\/p>\n<p><br style=\"font-weight: 400;\" \/><span style=\"font-weight: 400;\">*Texto de Samuel Machado Filho<\/span><\/p>\n\n\n<h2 class=\"wp-block-heading\"><\/h2>\n","protected":false},"excerpt":{"rendered":"<p>Ol\u00e1, amigos cultos e ocultos! O Toque Musical apresenta hoje mais um disco desse not\u00e1vel cantor que foi Jair Rodrigues, por sinal dos mais raros. \u00c9 \u201cMenino rei da alegria\u201d, lan\u00e7ado em 1968. O repert\u00f3rio mant\u00e9m a qualidade habitual de &hellip; <a href=\"https:\/\/www.toque-musicall.com\/?p=6802\">Continue lendo <span class=\"meta-nav\">&rarr;<\/span><\/a><\/p>\n","protected":false},"author":1,"featured_media":0,"comment_status":"closed","ping_status":"closed","sticky":false,"template":"","format":"standard","meta":{"footnotes":""},"categories":[43,48],"tags":[3143,3012],"class_list":["post-6802","post","type-post","status-publish","format-standard","hentry","category-jair-rodrigues","category-selo-philips","tag-jair-rodrigues","tag-selo-philips"],"_links":{"self":[{"href":"https:\/\/www.toque-musicall.com\/index.php?rest_route=\/wp\/v2\/posts\/6802","targetHints":{"allow":["GET"]}}],"collection":[{"href":"https:\/\/www.toque-musicall.com\/index.php?rest_route=\/wp\/v2\/posts"}],"about":[{"href":"https:\/\/www.toque-musicall.com\/index.php?rest_route=\/wp\/v2\/types\/post"}],"author":[{"embeddable":true,"href":"https:\/\/www.toque-musicall.com\/index.php?rest_route=\/wp\/v2\/users\/1"}],"replies":[{"embeddable":true,"href":"https:\/\/www.toque-musicall.com\/index.php?rest_route=%2Fwp%2Fv2%2Fcomments&post=6802"}],"version-history":[{"count":1,"href":"https:\/\/www.toque-musicall.com\/index.php?rest_route=\/wp\/v2\/posts\/6802\/revisions"}],"predecessor-version":[{"id":6803,"href":"https:\/\/www.toque-musicall.com\/index.php?rest_route=\/wp\/v2\/posts\/6802\/revisions\/6803"}],"wp:attachment":[{"href":"https:\/\/www.toque-musicall.com\/index.php?rest_route=%2Fwp%2Fv2%2Fmedia&parent=6802"}],"wp:term":[{"taxonomy":"category","embeddable":true,"href":"https:\/\/www.toque-musicall.com\/index.php?rest_route=%2Fwp%2Fv2%2Fcategories&post=6802"},{"taxonomy":"post_tag","embeddable":true,"href":"https:\/\/www.toque-musicall.com\/index.php?rest_route=%2Fwp%2Fv2%2Ftags&post=6802"}],"curies":[{"name":"wp","href":"https:\/\/api.w.org\/{rel}","templated":true}]}}