{"id":6804,"date":"2019-06-10T18:57:33","date_gmt":"2019-06-10T21:57:33","guid":{"rendered":"http:\/\/www.toque-musicall.com\/?p=6804"},"modified":"2019-07-14T19:01:46","modified_gmt":"2019-07-14T22:01:46","slug":"leny-andrade-no-inverno-verao-1985","status":"publish","type":"post","link":"https:\/\/www.toque-musicall.com\/?p=6804","title":{"rendered":"Leny Andrade &#8211; No Inverno &#038; Ver\u00e3o (1985)"},"content":{"rendered":"\n<figure class=\"wp-block-image\"><img decoding=\"async\" src=\"https:\/\/1.bp.blogspot.com\/-N39U6OBnpU4\/XSueV6Y1CgI\/AAAAAAAAPzs\/iK2kW7nV3A4qfAAdKrpCZrU4KXFPGVVJgCLcBGAs\/s640\/capas.jpg\" alt=\"\"\/><\/figure>\n\n\n\n<figure class=\"wp-block-image\"><img decoding=\"async\" src=\"https:\/\/1.bp.blogspot.com\/-s7TUwXVzknY\/XSueWF4DDdI\/AAAAAAAAPzw\/yGKTI0-JDx0YxKVi3W_qNkvwCAURq22dACLcBGAs\/s640\/conta.jpg\" alt=\"\"\/><\/figure>\n\n\n<p>Leny de Andrade Lima, ou simplesmente Leny Andrade, est\u00e1 presente mais uma vez no Toque Musical. Nasceu no Rio de Janeiro em 26 de janeiro de 1943, e aos seis anos de idade come\u00e7ou a estudar piano. Aos nove anos, participou do programa \u201cClube do Guri\u201d, da PRG-3, R\u00e1dio Tupi (\u201co cacique do ar\u201d), apresentando-se depois nos programas de Silveira Lima e C\u00e9sar de Alencar. Ingressou, em seguida, no Conservat\u00f3rio Brasileiro de M\u00fasica. Estreou profissionalmente em 1958, atuando como \u201ccrooner\u201d da orquestra de Perm\u00ednio Gon\u00e7alves, passando mais tarde a cantar nas boates Bacar\u00e1 (com o trio de S\u00e9rgio Mendes) e Bottle\u2019s Bar, no Beco das Garrafas, reduto de bo\u00eamios e m\u00fasicos da bossa nova. Gravou seu primeiro LP em 1961, \u201cA sensa\u00e7\u00e3o\u201d, e da\u00ed por diante n\u00e3o parou mais. De 1966 a 1970, morou no M\u00e9xico, apresentando-se v\u00e1rias vezes com Pery Ribeiro. Com ele, inclusive, fez um memor\u00e1vel show na boate carioca Por\u00e3o 73, \u201cGemini V\u201d, ali\u00e1s o disco ao vivo est\u00e1 dispon\u00edvel aqui no TM, junto com outros trabalhos de Leny, todos excelentes. Este aqui, gravado em est\u00fadio, foi lan\u00e7ado pelo selo Pointer, \u00a0teve sua capa alterada para ser vendido no restaurante Inverno &amp; Ver\u00e3o, de S\u00e3o Paulo, onde Leny se apresentou na \u00e9poca (1985), e como sempre, tem um repert\u00f3rio de \u00f3tima qualidade, assinado por compositores diversos. Como cantora, ela dispensa qualquer coment\u00e1rio, e este disco \u00e9 mais um produto de qualidade que o TM orgulha-se em oferecer. Confiram.\u00a0<\/p>\n<div style=\"text-align: center;\">clichet<\/div>\n<div style=\"text-align: center;\">samba de r\u00e9<\/div>\n<div style=\"text-align: center;\">b\u00eabado<\/div>\n<div style=\"text-align: center;\">contigo aprendi &#8211; esta tarde vi llover<\/div>\n<div style=\"text-align: center;\">chico hipocondria<\/div>\n<div style=\"text-align: center;\">n\u00e3o d\u00e1<\/div>\n<div style=\"text-align: center;\">uau<\/div>\n<div style=\"text-align: center;\">dindi<\/div>\n<div style=\"text-align: center;\">sess\u00e3o passa tempo<\/div>\n<div style=\"text-align: center;\">enredo do meu samba<\/div>\n<div style=\"text-align: center;\">vai passar<\/div>\n<div style=\"text-align: center;\">\u00a0<\/div>\n<p><br \/>*Texto de Samuel Machado Filho<\/p>","protected":false},"excerpt":{"rendered":"<p>Leny de Andrade Lima, ou simplesmente Leny Andrade, est\u00e1 presente mais uma vez no Toque Musical. Nasceu no Rio de Janeiro em 26 de janeiro de 1943, e aos seis anos de idade come\u00e7ou a estudar piano. Aos nove anos, &hellip; <a href=\"https:\/\/www.toque-musicall.com\/?p=6804\">Continue lendo <span class=\"meta-nav\">&rarr;<\/span><\/a><\/p>\n","protected":false},"author":1,"featured_media":0,"comment_status":"closed","ping_status":"closed","sticky":false,"template":"","format":"standard","meta":{"footnotes":""},"categories":[555,490],"tags":[3144,3145],"class_list":["post-6804","post","type-post","status-publish","format-standard","hentry","category-leny-andrade","category-selo-pointer","tag-leny-andrade","tag-selo-pointer"],"_links":{"self":[{"href":"https:\/\/www.toque-musicall.com\/index.php?rest_route=\/wp\/v2\/posts\/6804","targetHints":{"allow":["GET"]}}],"collection":[{"href":"https:\/\/www.toque-musicall.com\/index.php?rest_route=\/wp\/v2\/posts"}],"about":[{"href":"https:\/\/www.toque-musicall.com\/index.php?rest_route=\/wp\/v2\/types\/post"}],"author":[{"embeddable":true,"href":"https:\/\/www.toque-musicall.com\/index.php?rest_route=\/wp\/v2\/users\/1"}],"replies":[{"embeddable":true,"href":"https:\/\/www.toque-musicall.com\/index.php?rest_route=%2Fwp%2Fv2%2Fcomments&post=6804"}],"version-history":[{"count":1,"href":"https:\/\/www.toque-musicall.com\/index.php?rest_route=\/wp\/v2\/posts\/6804\/revisions"}],"predecessor-version":[{"id":6805,"href":"https:\/\/www.toque-musicall.com\/index.php?rest_route=\/wp\/v2\/posts\/6804\/revisions\/6805"}],"wp:attachment":[{"href":"https:\/\/www.toque-musicall.com\/index.php?rest_route=%2Fwp%2Fv2%2Fmedia&parent=6804"}],"wp:term":[{"taxonomy":"category","embeddable":true,"href":"https:\/\/www.toque-musicall.com\/index.php?rest_route=%2Fwp%2Fv2%2Fcategories&post=6804"},{"taxonomy":"post_tag","embeddable":true,"href":"https:\/\/www.toque-musicall.com\/index.php?rest_route=%2Fwp%2Fv2%2Ftags&post=6804"}],"curies":[{"name":"wp","href":"https:\/\/api.w.org\/{rel}","templated":true}]}}