{"id":6806,"date":"2019-06-12T19:17:40","date_gmt":"2019-06-12T22:17:40","guid":{"rendered":"http:\/\/www.toque-musicall.com\/?p=6806"},"modified":"2019-07-14T19:21:54","modified_gmt":"2019-07-14T22:21:54","slug":"jun-12-o-santo-sudario-tso-1980","status":"publish","type":"post","link":"https:\/\/www.toque-musicall.com\/?p=6806","title":{"rendered":"O Santo Sud\u00e1rio &#8211; TSO (1980)"},"content":{"rendered":"\n<figure class=\"wp-block-image\"><img decoding=\"async\" src=\"https:\/\/1.bp.blogspot.com\/-yBgnarNb9SU\/XSunmvqEU9I\/AAAAAAAAP0A\/mQCmP6Uv5PwUUCzjhoFb28vw5BONC-2MACLcBGAs\/s640\/Anota%25C3%25A7%25C3%25A3o%2B2019-07-14%2B191346.jpg\" alt=\"\"\/><\/figure>\n\n\n\n<figure class=\"wp-block-image\"><img decoding=\"async\" src=\"https:\/\/1.bp.blogspot.com\/-fTJJvpnQS5M\/XSunmJYnrSI\/AAAAAAAAPz8\/ibeRzGcTk9AA5JGg2_touhps_iHTEbNHQCLcBGAs\/s640\/Anota%25C3%25A7%25C3%25A3o%2B2019-07-14%2B191421.jpg\" alt=\"\"\/><\/figure>\n\n\n<p>O santo sud\u00e1rio \u00e9 uma rel\u00edquia que, segundo alguns acreditam, foi o pano que envolveu Jesus Cristo quando ele morreu. Guardado em Turim, na It\u00e1lia, o sud\u00e1rio tem a imagem de um corpo ensanguentado, com feridas parecidas com as de Jesus. Foi revelado no s\u00e9culo XV e se tornou uma atra\u00e7\u00e3o entre os fi\u00e9is crist\u00e3os. Algumas refer\u00eancias mais antigas sugerem que o sud\u00e1rio \u00e9 mais antigo que isso ou que outros panos com imagens de Jesus j\u00e1 existiam. No entanto, n\u00e3o existe evid\u00eancia s\u00f3lida que foi o pano que envolveu o corpo de Jesus. O santo sud\u00e1rio foi tema de diversos document\u00e1rios. Um deles foi feito em 1980, sob a dire\u00e7\u00e3o de Paulino Brancato Jr., at\u00e9 ent\u00e3o o \u00fanico jornalista que teve permiss\u00e3o para entrar na Igreja de S\u00e3o Jo\u00e3o Batista, em Turim, e filmar o santo sud\u00e1rio. E \u00e9 justamente a trilha sonora desse filme, com arranjos e reg\u00eancia de Eduardo Assad, que o Toque Musical oferece hoje a seus amigos cultos e ocultos. O lado A tem as m\u00fasicas do filme acrescidas de narra\u00e7\u00e3o, com atores interpretando Jesus Cristo, Maria, Jo\u00e3o Evangelista, P\u00f4ncio Pilatos e um jornalista e, no lado B, apenas a execu\u00e7\u00e3o instrumental. Um trabalho interessante e curioso, que merece uma conferida.&nbsp;<\/p>\n<div style=\"text-align: center;\">funk in turin<\/div>\n<div style=\"text-align: center;\">sarqabandi &#8211; 2 mov<\/div>\n<div style=\"text-align: center;\">judas macabeu &#8211; 1 mov<\/div>\n<div style=\"text-align: center;\">sarabandi &#8211; 1 mov<\/div>\n<div style=\"text-align: center;\">ave maria<\/div>\n<div style=\"text-align: center;\">judas macabeu&nbsp; &#8211; 2 mov<\/div>\n<div style=\"text-align: center;\">sarabandi 2 mov<\/div>\n<div style=\"text-align: center;\">sarabandi &#8211; 1 mov<\/div>\n<div style=\"text-align: center;\">judas macabeu &#8211; 2 mov<\/div>\n<div style=\"text-align: center;\">ave maria<\/div>\n<div style=\"text-align: center;\">judas macabeu &#8211; 1 mov<\/div>\n<div style=\"text-align: center;\">sarabandi &#8211; 2 mov<\/div>\n<div style=\"text-align: center;\">funk in turin<\/div>\n<p>*Texto de Samuel Machado Filho<\/p>","protected":false},"excerpt":{"rendered":"<p>O santo sud\u00e1rio \u00e9 uma rel\u00edquia que, segundo alguns acreditam, foi o pano que envolveu Jesus Cristo quando ele morreu. Guardado em Turim, na It\u00e1lia, o sud\u00e1rio tem a imagem de um corpo ensanguentado, com feridas parecidas com as de &hellip; <a href=\"https:\/\/www.toque-musicall.com\/?p=6806\">Continue lendo <span class=\"meta-nav\">&rarr;<\/span><\/a><\/p>\n","protected":false},"author":1,"featured_media":0,"comment_status":"closed","ping_status":"closed","sticky":false,"template":"","format":"standard","meta":{"footnotes":""},"categories":[2374,3148,25,346],"tags":[3147,3146,3017,3023],"class_list":["post-6806","post","type-post","status-publish","format-standard","hentry","category-eduardo-assad","category-o-santo-sudario","category-selo-independente","category-trilhas","tag-eduardo-assad","tag-o-santo-sudario","tag-selo-independente","tag-trilhas"],"_links":{"self":[{"href":"https:\/\/www.toque-musicall.com\/index.php?rest_route=\/wp\/v2\/posts\/6806","targetHints":{"allow":["GET"]}}],"collection":[{"href":"https:\/\/www.toque-musicall.com\/index.php?rest_route=\/wp\/v2\/posts"}],"about":[{"href":"https:\/\/www.toque-musicall.com\/index.php?rest_route=\/wp\/v2\/types\/post"}],"author":[{"embeddable":true,"href":"https:\/\/www.toque-musicall.com\/index.php?rest_route=\/wp\/v2\/users\/1"}],"replies":[{"embeddable":true,"href":"https:\/\/www.toque-musicall.com\/index.php?rest_route=%2Fwp%2Fv2%2Fcomments&post=6806"}],"version-history":[{"count":2,"href":"https:\/\/www.toque-musicall.com\/index.php?rest_route=\/wp\/v2\/posts\/6806\/revisions"}],"predecessor-version":[{"id":6808,"href":"https:\/\/www.toque-musicall.com\/index.php?rest_route=\/wp\/v2\/posts\/6806\/revisions\/6808"}],"wp:attachment":[{"href":"https:\/\/www.toque-musicall.com\/index.php?rest_route=%2Fwp%2Fv2%2Fmedia&parent=6806"}],"wp:term":[{"taxonomy":"category","embeddable":true,"href":"https:\/\/www.toque-musicall.com\/index.php?rest_route=%2Fwp%2Fv2%2Fcategories&post=6806"},{"taxonomy":"post_tag","embeddable":true,"href":"https:\/\/www.toque-musicall.com\/index.php?rest_route=%2Fwp%2Fv2%2Ftags&post=6806"}],"curies":[{"name":"wp","href":"https:\/\/api.w.org\/{rel}","templated":true}]}}