{"id":681,"date":"2010-10-09T17:38:00","date_gmt":"2010-10-09T17:38:00","guid":{"rendered":"http:\/\/www.toque-musicall.com\/?p=681"},"modified":"2010-10-09T17:38:00","modified_gmt":"2010-10-09T17:38:00","slug":"as-revelacoes-da-grande-chance-1-e-2-1967-e-68","status":"publish","type":"post","link":"https:\/\/www.toque-musicall.com\/?p=681","title":{"rendered":"As Revela\u00e7\u00f5es Da Grande Chance 1 e 2 (1967 e 68)"},"content":{"rendered":"<p><img decoding=\"async\" style=\"TEXT-ALIGN: center; MARGIN: 0px auto 10px; WIDTH: 400px; DISPLAY: block; HEIGHT: 398px; CURSOR: hand\" id=\"BLOGGER_PHOTO_ID_5526102785421773186\" border=\"0\" alt=\"\" src=\"http:\/\/3.bp.blogspot.com\/_DSKVEvHtskc\/TLCpNG1ciYI\/AAAAAAAAHJM\/Zj74oq2vQe8\/s400\/as+revela%C3%A7%C3%B5es+P.JPG\" \/><a href=\"http:\/\/2.bp.blogspot.com\/_DSKVEvHtskc\/TLDXFXPWGSI\/AAAAAAAAHJw\/_nTXcw3wCKg\/s1600\/grande+chance+P.JPG\"><img decoding=\"async\" style=\"TEXT-ALIGN: center; MARGIN: 0px auto 10px; WIDTH: 400px; DISPLAY: block; HEIGHT: 397px; CURSOR: hand\" id=\"BLOGGER_PHOTO_ID_5526153229921294626\" border=\"0\" alt=\"\" src=\"http:\/\/2.bp.blogspot.com\/_DSKVEvHtskc\/TLDXFXPWGSI\/AAAAAAAAHJw\/_nTXcw3wCKg\/s400\/grande+chance+P.JPG\" \/><\/a>Ol\u00e1 amigos cultos e ocultos! Aqui vou eu nessa peleja di\u00e1ria, soltando os discos e os bichos (quando necess\u00e1rio). Estou trazendo para animar o s\u00e1bado uma dose dupla em lp. Vamos relembrar alguns momentos pitorescos dos antigos programas de calouros e artistas iniciantes, apresentados no programa de audit\u00f3rio do &#8216;figura\u00e7a&#8217; Fl\u00e1vio Cavalcanti. Quem, por volta dos 40 anos de idade (ou mais) n\u00e3o se lembra deste apresentador e seus programas? Fl\u00e1vio foi uma figura pol\u00eamica na televis\u00e3o brasileira. Fazia (e era) um tipo conservador, daqueles que sempre se acham os donos da verdade. Tinha uma opini\u00e3o pr\u00f3pria a respeito de tudo e n\u00e3o poupava palavras para defender ou detonar. Era retrogrado, careta e as vezes at\u00e9 chato, mas tinha l\u00e1 as suas convic\u00e7\u00f5es. Se eram certas ou erradas, n\u00e3o quero entrar no m\u00e9rito. Dizem tamb\u00e9m que Fl\u00e1vio Cavalcanti era simpatizante do Regime Militar e uma ferramenta importante na difus\u00e3o desses ideais. Se bem que as suas hist\u00f3rias s\u00e3o controversas. Da mesma forma que homenageava em seu programa, ao vivo, um general golpista, por outro lado, escondia artistas da persegui\u00e7\u00e3o militar, em sua casa, como foi o caso da Leila Diniz. Fl\u00e1vio acabou se desencantando com as mudan\u00e7as pol\u00edticas promovidas pelos militares. Acho que ele percebeu que estava sendo manipulado. Por outro lado, a partir dos anos 70, sua fama e seu &#8216;carisma&#8217; come\u00e7aram progressivamente a entrar em decl\u00ednio. A televis\u00e3o estava se modernizando, outros programas, artistas e apresentadores come\u00e7avam a surgir. O formato de seu programa e toda a psicologia aplicada nele para envolver o p\u00fablico, serviu e ainda serve de modelo para os Silvios, Faut\u00f5es e Ratinhos da vida. &#8220;A Grande Chance&#8221; era uma esp\u00e9cie de concurso para calouros e artistas iniciantes. Os doze finalistas ganhavam o direito de participarem do disco e as vezes at\u00e9 conseguiam um bom contrato com alguma outra gravadora. Muitos artistas hoje famosos, passaram inicialmente pelo crivo de jurados comandados por Fl\u00e1vio Cavalcanti. <\/p>\n<div>\n<div>\n<div>Como eu disse anteriormente, tenho uma dose dupla, ou seja, os dois discos da &#8220;Grande Chance&#8221; lan\u00e7ados pela Codil. Eu inicialmente iria postar apenas o primeiro volume, mas a\u00ed me lembrei que tinha o arquivo do segundo (possivelmente baixado do Loronix). Para n\u00e3o ficarmos em meia boca, decidi inclu\u00ed-lo. Assim, temos o primeiro disco, lan\u00e7ado em 1967. Nele encontramos doze cantores (ilustres desconhecidos at\u00e9 ent\u00e3o) interpretando m\u00fasicas de Francis Hime, Tom Jobim, Marcos Valle e outros. Cabe inclusive temas internacionais. No segundo disco, lan\u00e7ado em 68, a coisa muda um pouco. J\u00e1 neste \u00e1lbum a grava\u00e7\u00e3o \u00e9 ao vivo, no Teatro Carlos Gomes. Trata-se da final\u00edssima da segunda s\u00e9rie do programa. O clima \u00e9 igual ao dos festivais. &#8220;A Grande Chance&#8221;, se n\u00e3o me falha a mem\u00f3ria, foi levada inclusive \u00e0 Portugal! Ora pois&#8230;<\/div>\n<div>Nossos comerciais, por favor&#8230;<\/div>\n<p><\/p>\n<div align=\"center\">A Grande Chance 1<\/div>\n<div align=\"center\">libera &#8211; marisa rossi<\/div>\n<div align=\"center\">o amor \u00e9 chama &#8211; maur\u00edcio mesquita<\/div>\n<div align=\"center\">molambo &#8211; salvador martins<\/div>\n<div align=\"center\">d\u00e1-me &#8211; d\u00e1lia<\/div>\n<div align=\"center\">canto triste &#8211; olavo sargentelli<\/div>\n<div align=\"center\">mar de \u00f3dio &#8211; elson cruz<\/div>\n<div align=\"center\">maria de mim &#8211; antonio jo\u00e3o<\/div>\n<div align=\"center\">por um amor maior &#8211; rose valentin<\/div>\n<div align=\"center\">per una donna &#8211; fernando lucas<\/div>\n<div align=\"center\">se todos fossem iguais a voc\u00ea &#8211; ana luzia<\/div>\n<div align=\"center\">meu tempo \u00e9 nunca mais &#8211; os marruazes<\/div>\n<div align=\"center\">cabur\u00e9 &#8211; celso martins<\/div>\n<div align=\"center\">a menina que eu amei &#8211; gl\u00f3ria bernadete<\/div>\n<p><\/p>\n<div align=\"center\">A Grande Chance 2<\/div>\n<div align=\"center\">onde est\u00e1 voc\u00ea &#8211; mar\u00edlia barbosa<\/div>\n<div align=\"center\">deixa &#8211; paulo roberto<\/div>\n<div align=\"center\">serenata em teleco teco &#8211; arlete maria<\/div>\n<div align=\"center\">manh\u00e3 de carnaval &#8211; luiz carlos<\/div>\n<div align=\"center\">peter gunn &#8211; os solfas<\/div>\n<div align=\"center\">deus com a fam\u00edlia &#8211; dulce cardoso<\/div>\n<div align=\"center\">sem compromisso &#8211; cesar costa filho e ronaldo monteiro<\/div>\n<div align=\"center\">janu\u00e1ria &#8211; fab\u00edola<\/div>\n<div align=\"center\">upa neguinho &#8211; inema trio<\/div>\n<div align=\"center\">gira mundo jaime da concei\u00e7\u00e3o<\/div>\n<div align=\"center\">riqueza e pobreza &#8211; leci brand\u00e3o<\/div>\n<div align=\"center\">tempo feliz &#8211; gessy willians<\/div>\n<p><\/p>\n<div align=\"center\"><\/div>\n<\/div>\n<\/div>\n","protected":false},"excerpt":{"rendered":"<p>Ol\u00e1 amigos cultos e ocultos! Aqui vou eu nessa peleja di\u00e1ria, soltando os discos e os bichos (quando necess\u00e1rio). Estou trazendo para animar o s\u00e1bado uma dose dupla em lp. Vamos relembrar alguns momentos pitorescos dos antigos programas de calouros &hellip; <a href=\"https:\/\/www.toque-musicall.com\/?p=681\">Continue lendo <span class=\"meta-nav\">&rarr;<\/span><\/a><\/p>\n","protected":false},"author":1,"featured_media":0,"comment_status":"open","ping_status":"closed","sticky":false,"template":"","format":"standard","meta":{"footnotes":""},"categories":[984],"tags":[],"class_list":["post-681","post","type-post","status-publish","format-standard","hentry","category-as-revelacoes-da-grande-chance"],"_links":{"self":[{"href":"https:\/\/www.toque-musicall.com\/index.php?rest_route=\/wp\/v2\/posts\/681","targetHints":{"allow":["GET"]}}],"collection":[{"href":"https:\/\/www.toque-musicall.com\/index.php?rest_route=\/wp\/v2\/posts"}],"about":[{"href":"https:\/\/www.toque-musicall.com\/index.php?rest_route=\/wp\/v2\/types\/post"}],"author":[{"embeddable":true,"href":"https:\/\/www.toque-musicall.com\/index.php?rest_route=\/wp\/v2\/users\/1"}],"replies":[{"embeddable":true,"href":"https:\/\/www.toque-musicall.com\/index.php?rest_route=%2Fwp%2Fv2%2Fcomments&post=681"}],"version-history":[{"count":0,"href":"https:\/\/www.toque-musicall.com\/index.php?rest_route=\/wp\/v2\/posts\/681\/revisions"}],"wp:attachment":[{"href":"https:\/\/www.toque-musicall.com\/index.php?rest_route=%2Fwp%2Fv2%2Fmedia&parent=681"}],"wp:term":[{"taxonomy":"category","embeddable":true,"href":"https:\/\/www.toque-musicall.com\/index.php?rest_route=%2Fwp%2Fv2%2Fcategories&post=681"},{"taxonomy":"post_tag","embeddable":true,"href":"https:\/\/www.toque-musicall.com\/index.php?rest_route=%2Fwp%2Fv2%2Ftags&post=681"}],"curies":[{"name":"wp","href":"https:\/\/api.w.org\/{rel}","templated":true}]}}