{"id":6817,"date":"2019-07-30T18:23:31","date_gmt":"2019-07-30T21:23:31","guid":{"rendered":"http:\/\/www.toque-musicall.com\/?p=6817"},"modified":"2019-07-30T18:23:31","modified_gmt":"2019-07-30T21:23:31","slug":"toque-musical-12-anos","status":"publish","type":"post","link":"https:\/\/www.toque-musicall.com\/?p=6817","title":{"rendered":"Toque Musical 12 Anos"},"content":{"rendered":"\n<figure class=\"wp-block-image\"><img decoding=\"async\" src=\"https:\/\/1.bp.blogspot.com\/-6YXrgEAPbxE\/XUA_tseWrGI\/AAAAAAAAP1s\/BbTU4AVAAO4U45wuFMcvrW66D4W1zX4ugCLcBGAs\/s640\/IMG_20190726_230242_233-01.jpeg\" alt=\"\"\/><\/figure>\n\n\n<p>Hoje \u00e9 anivers\u00e1rio do Toque Musical. Juro, eu havia me esquecido&#8230; Isso \u00e9 uma prova do quanto estou desligado, ou melhor ainda, desmotivado com essa coisa de blog musical. A come\u00e7ar pela minha pr\u00f3pria falta de tempo, ou pelo tempo que isso aqui ocupa da gente. \u00c9 certo de que quando gostamos do que fazemos temos para isso todo tempo do mundo. Mas o mundo d\u00e1 voltas e se transforma e aquilo que antes dava prazer torna-se uma obriga\u00e7\u00e3o. Acredito que os \u00faltimos anos a coisa aqui tem sido assim. Confesso que venho perdendo o interesse e a gra\u00e7a por tudo isso, mesmo assim, ao olhar para tr\u00e1s, ver tudo o que foi feito, penso que n\u00e3o posso abandoar o projeto de vez. Da\u00ed, ele segue, agora sem compromisso. Penso que se antes o Toque Musical era feito para todos, agora eu o fa\u00e7o para mim.<br \/>Pregui\u00e7osamente (falta de tempo), deixei muitos dias se passarem sem postagem, mas para n\u00e3o ficar muito espa\u00e7ado entre os dias, estive voltando no tempo, num retardo, preenchendo os dias vazios. Estou agora s\u00f3 h\u00e1 um m\u00eas atrasado e hoje \u00e9 dia de anivers\u00e1rio. Fui obrigado a voltar ao presente para registrar mais uma passagem. Inacreditavelmente, completamos 12 anos!<br \/>Quero agradecer a participa\u00e7\u00e3o de todos os amigos cultos e ocultos que sempre estiveram por aqui, aos mais de 3 mil associados no GTM (Grupo do Toque Musical), aos colaboradores e em especial ao amigo Samuel Machado Filho, grande parceiro, respons\u00e1vel por dividir comigo tantas postagens atrav\u00e9s de seus textos sempre esclarecedores.<br \/>N\u00e3o prometo, mas pretendo manter o Toque Musical sempre na ativa. Conto com a presen\u00e7a e mais ainda, a colabora\u00e7\u00e3o de todos. Grande abra\u00e7o!<br \/><br \/>Augusto TM<br \/><br \/>.<\/p>","protected":false},"excerpt":{"rendered":"<p>Hoje \u00e9 anivers\u00e1rio do Toque Musical. Juro, eu havia me esquecido&#8230; Isso \u00e9 uma prova do quanto estou desligado, ou melhor ainda, desmotivado com essa coisa de blog musical. A come\u00e7ar pela minha pr\u00f3pria falta de tempo, ou pelo tempo &hellip; <a href=\"https:\/\/www.toque-musicall.com\/?p=6817\">Continue lendo <span class=\"meta-nav\">&rarr;<\/span><\/a><\/p>\n","protected":false},"author":1,"featured_media":0,"comment_status":"closed","ping_status":"closed","sticky":false,"template":"","format":"standard","meta":{"footnotes":""},"categories":[3154],"tags":[3134,3155],"class_list":["post-6817","post","type-post","status-publish","format-standard","hentry","category-toque-musical-12-anos","tag-extras","tag-toque-musical-12-anos"],"_links":{"self":[{"href":"https:\/\/www.toque-musicall.com\/index.php?rest_route=\/wp\/v2\/posts\/6817","targetHints":{"allow":["GET"]}}],"collection":[{"href":"https:\/\/www.toque-musicall.com\/index.php?rest_route=\/wp\/v2\/posts"}],"about":[{"href":"https:\/\/www.toque-musicall.com\/index.php?rest_route=\/wp\/v2\/types\/post"}],"author":[{"embeddable":true,"href":"https:\/\/www.toque-musicall.com\/index.php?rest_route=\/wp\/v2\/users\/1"}],"replies":[{"embeddable":true,"href":"https:\/\/www.toque-musicall.com\/index.php?rest_route=%2Fwp%2Fv2%2Fcomments&post=6817"}],"version-history":[{"count":1,"href":"https:\/\/www.toque-musicall.com\/index.php?rest_route=\/wp\/v2\/posts\/6817\/revisions"}],"predecessor-version":[{"id":6818,"href":"https:\/\/www.toque-musicall.com\/index.php?rest_route=\/wp\/v2\/posts\/6817\/revisions\/6818"}],"wp:attachment":[{"href":"https:\/\/www.toque-musicall.com\/index.php?rest_route=%2Fwp%2Fv2%2Fmedia&parent=6817"}],"wp:term":[{"taxonomy":"category","embeddable":true,"href":"https:\/\/www.toque-musicall.com\/index.php?rest_route=%2Fwp%2Fv2%2Fcategories&post=6817"},{"taxonomy":"post_tag","embeddable":true,"href":"https:\/\/www.toque-musicall.com\/index.php?rest_route=%2Fwp%2Fv2%2Ftags&post=6817"}],"curies":[{"name":"wp","href":"https:\/\/api.w.org\/{rel}","templated":true}]}}