{"id":683,"date":"2010-10-08T10:48:00","date_gmt":"2010-10-08T10:48:00","guid":{"rendered":"http:\/\/www.toque-musicall.com\/?p=683"},"modified":"2010-10-08T10:48:00","modified_gmt":"2010-10-08T10:48:00","slug":"brasil-instrumental-1985","status":"publish","type":"post","link":"https:\/\/www.toque-musicall.com\/?p=683","title":{"rendered":"Brasil Instrumental (1985)"},"content":{"rendered":"<p><a href=\"http:\/\/3.bp.blogspot.com\/_DSKVEvHtskc\/TK74WU0NTLI\/AAAAAAAAHI0\/GzinrdTsoo8\/s1600\/brasil+instrumental+P.JPG\"><img decoding=\"async\" style=\"TEXT-ALIGN: center; MARGIN: 0px auto 10px; WIDTH: 398px; DISPLAY: block; HEIGHT: 400px; CURSOR: hand\" id=\"BLOGGER_PHOTO_ID_5525626855258672306\" border=\"0\" alt=\"\" src=\"http:\/\/3.bp.blogspot.com\/_DSKVEvHtskc\/TK74WU0NTLI\/AAAAAAAAHI0\/GzinrdTsoo8\/s400\/brasil+instrumental+P.JPG\" \/><\/a>Ol\u00e1s! Ontem eu cheguei em casa t\u00e3o cansado que acabei n\u00e3o deixando um compacto de fim de noite para voc\u00eas. Contrariando as expectativas, achei de postar um texto do Luis Fernando Ver\u00edssimo sobre o disco de vinil e seus adoradores. E pensar que nenhum outro suporte para a m\u00fasica foi t\u00e3o dur\u00e1vel e charmoso quanto o disco de vinil. Realmente \u00e9 uma experi\u00eancia deliciosa manusear, colecionar, tocar e ouvir uma bolacha, seja ela 78, 45, 33 ou 16 rpm. Isso, para n\u00e3o falarmos das capas&#8230; s\u00f3 mesmo quem viveu os tempo \u00e1ureos dos discos de vinil saber\u00e1 entender essa emo\u00e7\u00e3o. Talvez seja por isso mesmo que ele ainda hoje continua dando sinais de vida.<br \/>Hoje para a nossa sexta independente eu estou trazendo um \u00e1lbum duplo promocional. Temos aqui, como bem se pode ver pela capa, um \u00e1lbum instrumental com um time da pesada, produzido pela extinta Karup para a CAEMI (Companhia Auxiliar de Empresas de Minera\u00e7\u00e3o), como brinde aos seus clientes e associados. Trata-se, obviamente, de um disco n\u00e3o comercial, de tiragem limitada. O \u00e1lbum duplo se divide em dois momentos. O primeiro \u00e0 cargo de Paulo Moura que re\u00fane saxofone, viol\u00e3o, violoncelo e trombone numa aparente ins\u00f3lita mistura instrumental, ao lado de Jaques Morelembaum, Rafael Rabello e Z\u00e9 da Velha. Eles tocam um repert\u00f3rio variado e essencialmente instrumental, m\u00fasica para m\u00fasicos. Tem aqui Severino Ara\u00fajo, Alcyr Pires Vermelho, Toninho Horta, Tom Jobim e outros&#8230; J\u00e1 o segundo disco \u00e9 dedicado ao trabalho instrumental de Paulinho da Viola, tendo a frente o violonista Jo\u00e3o Pedro Borges, acompanhado pelo pr\u00f3prio Paulinho e seu pai, Cesar Faria. Neste segundo volume, ao contr\u00e1rio do que se possa imaginar, n\u00e3o \u00e9 um disco de samba instrumental. Aqui \u00e9 mostrado a faceta, principalmente, de chor\u00e3o de Paulinho da Viola. Talvez, pela fama de compositor de samba, muitos desconhecem a riqueza criativa musical desse artista, que tamb\u00e9m sempre se dedicou ao chorinho, tendo bel\u00edssimas pe\u00e7as no g\u00eanero. N\u00e3o \u00e9 por acaso ou qualquer semelhan\u00e7a que Paulinho da Viola tamb\u00e9m faz choro. Seu pai, Cesar Faria, foi um entusiasta do samba e choro. Paulinho cresceu em meio \u00e0s rodas de choro promovidas pelo pai. No disco temos como int\u00e9rpretes os tr\u00eas: Jo\u00e3o Pedro Borges, Paulinho e Cesar Faria. Ta\u00ed um \u00e1lbum que merece o nosso toque musical \ud83d\ude09<\/p>\n<div align=\"center\">sandoval em bonsucesso<\/div>\n<div align=\"center\">isso \u00e9 brasil<\/div>\n<div align=\"center\">corata jaca<\/div>\n<div align=\"center\">modinha<\/div>\n<div align=\"center\">bons amigos<\/div>\n<div align=\"center\">saxofone porque choras?<\/div>\n<div align=\"center\">lamento<\/div>\n<div align=\"center\">urubu malandro<\/div>\n<div align=\"center\">tarde de chuva<\/div>\n<div align=\"center\">bronses e cristais<\/div>\n<div align=\"center\">espinha de bacalhau<\/div>\n<div align=\"center\">valsachorando<\/div>\n<div align=\"center\">relembrando pernambuco<\/div>\n<div align=\"center\">tango triste<\/div>\n<div align=\"center\">romanceando<\/div>\n<div align=\"center\">itanhang\u00e1<\/div>\n<div align=\"center\">salvador<\/div>\n<div align=\"center\">abra\u00e7ando chico soares<\/div>\n<div align=\"center\">valsa da vida<\/div>\n<div align=\"center\">evocativo<\/div>\n<div align=\"center\">lila<\/div>\n<div align=\"center\"> <\/div>\n<div align=\"center\"> <\/div>\n","protected":false},"excerpt":{"rendered":"<p>Ol\u00e1s! Ontem eu cheguei em casa t\u00e3o cansado que acabei n\u00e3o deixando um compacto de fim de noite para voc\u00eas. Contrariando as expectativas, achei de postar um texto do Luis Fernando Ver\u00edssimo sobre o disco de vinil e seus adoradores. &hellip; <a href=\"https:\/\/www.toque-musicall.com\/?p=683\">Continue lendo <span class=\"meta-nav\">&rarr;<\/span><\/a><\/p>\n","protected":false},"author":1,"featured_media":0,"comment_status":"open","ping_status":"closed","sticky":false,"template":"","format":"standard","meta":{"footnotes":""},"categories":[986,989,476,542,987,988,922],"tags":[],"class_list":["post-683","post","type-post","status-publish","format-standard","hentry","category-cesar-faria","category-jaques-morelembaum","category-joao-pedro-borges","category-paulinho-da-viola","category-paulo-moura","category-rafael-rabello","category-ze-da-velha"],"_links":{"self":[{"href":"https:\/\/www.toque-musicall.com\/index.php?rest_route=\/wp\/v2\/posts\/683","targetHints":{"allow":["GET"]}}],"collection":[{"href":"https:\/\/www.toque-musicall.com\/index.php?rest_route=\/wp\/v2\/posts"}],"about":[{"href":"https:\/\/www.toque-musicall.com\/index.php?rest_route=\/wp\/v2\/types\/post"}],"author":[{"embeddable":true,"href":"https:\/\/www.toque-musicall.com\/index.php?rest_route=\/wp\/v2\/users\/1"}],"replies":[{"embeddable":true,"href":"https:\/\/www.toque-musicall.com\/index.php?rest_route=%2Fwp%2Fv2%2Fcomments&post=683"}],"version-history":[{"count":0,"href":"https:\/\/www.toque-musicall.com\/index.php?rest_route=\/wp\/v2\/posts\/683\/revisions"}],"wp:attachment":[{"href":"https:\/\/www.toque-musicall.com\/index.php?rest_route=%2Fwp%2Fv2%2Fmedia&parent=683"}],"wp:term":[{"taxonomy":"category","embeddable":true,"href":"https:\/\/www.toque-musicall.com\/index.php?rest_route=%2Fwp%2Fv2%2Fcategories&post=683"},{"taxonomy":"post_tag","embeddable":true,"href":"https:\/\/www.toque-musicall.com\/index.php?rest_route=%2Fwp%2Fv2%2Ftags&post=683"}],"curies":[{"name":"wp","href":"https:\/\/api.w.org\/{rel}","templated":true}]}}