{"id":6840,"date":"2019-08-02T10:38:41","date_gmt":"2019-08-02T13:38:41","guid":{"rendered":"http:\/\/www.toque-musicall.com\/?p=6840"},"modified":"2020-01-26T18:47:19","modified_gmt":"2020-01-26T21:47:19","slug":"pixinguinha-vida-e-obra-1978-2","status":"publish","type":"post","link":"https:\/\/www.toque-musicall.com\/?p=6840","title":{"rendered":"Pixinguinha &#8211; Vida E Obra (1978)"},"content":{"rendered":"\n<figure class=\"wp-block-image\"><img decoding=\"async\" src=\"https:\/\/1.bp.blogspot.com\/-WeH4SMSvKBg\/XWJ6FywAzuI\/AAAAAAAAP44\/mKzBSPOxIdcUy1Rs-rS6zKucsRYKFFChACLcBGAs\/s640\/pixinguinha%2BP.JPG\" alt=\"\"\/><\/figure>\n\n\n\n<figure class=\"wp-block-image\"><img decoding=\"async\" src=\"https:\/\/1.bp.blogspot.com\/-rTjFa3Ef3rs\/XWJ6FHy7O8I\/AAAAAAAAP40\/4RsuH9X8lfs_MmDFt1Kb8K5tilcIYlDPACLcBGAs\/s640\/pixinguinha%2B-%2Bcapa%2Binteira%2BP.JPG\" alt=\"\"\/><\/figure>\n\n\n<p>Bom dia, amigos cultos e ocultos! Estou novamente respostando este disco, pois s\u00f3 agora me dei conta de que havia postando ele parcialmente. Prometi o segundo disco, mas acho que acabei me esquecendo. N\u00e3o fosse o amigo Denys, este disco teria ficado mesmo pela metade. Por outro lado, por duas vezes eu repus aqui o link para o \u00e1lbum e completo, s\u00f3 n\u00e3o havia me atinado para isso. Inclusive, os arquivos que circulam pelos &#8216;torrents&#8217;, vieram desta lavra aqui. Ent\u00e3o, mais uma vez, temos o \u00e1lbum Pixinguinha &#8211; Vida e Obra, lan\u00e7ado pelo selo Som Livre, em 1978. Este \u00e1lbum, como foi dito, foi lan\u00e7ado pela gravadora como brinde de fim de ano da Rede Globo de Televis\u00e3o. Trata-se, portanto de uma edi\u00e7\u00e3o exclusiva e limitada, que at\u00e9 onde eu sei nunca chegou a ser lan\u00e7ada comercialmente. Uma sele\u00e7\u00e3o com v\u00e1rios artistas e tamb\u00e9m com fonogramas pouco conhecidos. Da\u00ed o preciosismo e raridade deste disco que hoje poucos o tem. O \u00e1lbum duplo ainda traz um encarte\/livreto com muitas informa\u00e7\u00f5es importantes sobre Pixinguinha (vida e obra) em texto do jornalista S\u00e9rgio Cabral, este por sinal, tamb\u00e9m respons\u00e1vel pela produ\u00e7\u00e3o e sele\u00e7\u00e3o musical.<br>Desta vez, segue completo para a alegria de todos. Confiram no GTM!<\/p>\n<div style=\"text-align: center;\">carinhoso &#8211; pixinguinha<\/div>\n<div style=\"text-align: center;\">urubu &#8211; os oito batutas<\/div>\n<div style=\"text-align: center;\">os cinco companheiros &#8211; paulinho da viola<\/div>\n<div style=\"text-align: center;\">rosa &#8211; orlando silva<\/div>\n<div style=\"text-align: center;\">patr\u00e3o prenda seu gado &#8211; almirante<\/div>\n<div style=\"text-align: center;\">1&#215;0 &#8211; pixinguinha e benedito lacerda<\/div>\n<div style=\"text-align: center;\">vou vivendo &#8211; dilermando reis<\/div>\n<div style=\"text-align: center;\">os oito batutas &#8211; conjunto \u00e9poca de ouro<\/div>\n<div style=\"text-align: center;\">benguel\u00ea &#8211; conjunto \u00e9poca de ouro<\/div>\n<div style=\"text-align: center;\">ing\u00eanuo &#8211; jacob do bandolim<\/div>\n<div style=\"text-align: center;\">lamento &#8211; jacob do bandolim<\/div>\n<div style=\"text-align: center;\">o gato e o can\u00e1rio &#8211; pixinguinha e benedito lacerda<\/div>\n<div style=\"text-align: center;\">j\u00e1 te digo &#8211; pixinguinha<\/div>\n<div style=\"text-align: center;\">ya\u00f4 &#8211; jo\u00e3o da baiana, clementina e pixinguinha<\/div>\n<div style=\"text-align: center;\">sofre porque queres &#8211; conjunto \u00e9poca de ouro<\/div>\n<div style=\"text-align: center;\">carinhoso &#8211; orlando silva<\/div>\n<div style=\"text-align: center;\">estou voltando &#8211; conjunto galo preto<\/div>\n<div style=\"text-align: center;\">que perigo &#8211; pixinguinha e velha guarda<\/div>\n<div style=\"text-align: center;\">naquele tempo &#8211; dilermando reis<\/div>\n<div style=\"text-align: center;\">a vida \u00e9 um buraco &#8211; pixinguinha<\/div>\n<div style=\"text-align: center;\">marreco quer agua &#8211; pixinguinha<\/div>\n<p style=\"text-align: center;\">.<\/p>\n\n\n<p><\/p>\n","protected":false},"excerpt":{"rendered":"<p>Bom dia, amigos cultos e ocultos! Estou novamente respostando este disco, pois s\u00f3 agora me dei conta de que havia postando ele parcialmente. Prometi o segundo disco, mas acho que acabei me esquecendo. N\u00e3o fosse o amigo Denys, este disco &hellip; <a href=\"https:\/\/www.toque-musicall.com\/?p=6840\">Continue lendo <span class=\"meta-nav\">&rarr;<\/span><\/a><\/p>\n","protected":false},"author":1,"featured_media":0,"comment_status":"open","ping_status":"closed","sticky":false,"template":"","format":"standard","meta":{"footnotes":""},"categories":[2032,921,75,85,3198,542,122,66],"tags":[3417,3418,3037],"class_list":["post-6840","post","type-post","status-publish","format-standard","hentry","category-benedito-lacerda","category-conjunto-epoca-de-ouro","category-dilermando-reis","category-orlando-silva","category-os-oito-batutas","category-paulinho-da-viola","category-pixinguinha","category-selo-som-livre","tag-os-oito-batutas","tag-pixinguinha","tag-selo-som-livre"],"_links":{"self":[{"href":"https:\/\/www.toque-musicall.com\/index.php?rest_route=\/wp\/v2\/posts\/6840","targetHints":{"allow":["GET"]}}],"collection":[{"href":"https:\/\/www.toque-musicall.com\/index.php?rest_route=\/wp\/v2\/posts"}],"about":[{"href":"https:\/\/www.toque-musicall.com\/index.php?rest_route=\/wp\/v2\/types\/post"}],"author":[{"embeddable":true,"href":"https:\/\/www.toque-musicall.com\/index.php?rest_route=\/wp\/v2\/users\/1"}],"replies":[{"embeddable":true,"href":"https:\/\/www.toque-musicall.com\/index.php?rest_route=%2Fwp%2Fv2%2Fcomments&post=6840"}],"version-history":[{"count":2,"href":"https:\/\/www.toque-musicall.com\/index.php?rest_route=\/wp\/v2\/posts\/6840\/revisions"}],"predecessor-version":[{"id":7108,"href":"https:\/\/www.toque-musicall.com\/index.php?rest_route=\/wp\/v2\/posts\/6840\/revisions\/7108"}],"wp:attachment":[{"href":"https:\/\/www.toque-musicall.com\/index.php?rest_route=%2Fwp%2Fv2%2Fmedia&parent=6840"}],"wp:term":[{"taxonomy":"category","embeddable":true,"href":"https:\/\/www.toque-musicall.com\/index.php?rest_route=%2Fwp%2Fv2%2Fcategories&post=6840"},{"taxonomy":"post_tag","embeddable":true,"href":"https:\/\/www.toque-musicall.com\/index.php?rest_route=%2Fwp%2Fv2%2Ftags&post=6840"}],"curies":[{"name":"wp","href":"https:\/\/api.w.org\/{rel}","templated":true}]}}