{"id":6844,"date":"2019-07-21T19:03:39","date_gmt":"2019-07-21T22:03:39","guid":{"rendered":"http:\/\/www.toque-musicall.com\/?p=6844"},"modified":"2019-08-25T19:10:05","modified_gmt":"2019-08-25T22:10:05","slug":"samba-nostalgia-vol-2-1977","status":"publish","type":"post","link":"https:\/\/www.toque-musicall.com\/?p=6844","title":{"rendered":"Samba Nostalgia Vol. 2 (1977)"},"content":{"rendered":"\n<figure class=\"wp-block-image\"><img decoding=\"async\" src=\"https:\/\/1.bp.blogspot.com\/-PyMf3_EJOrw\/XWL24tXwYvI\/AAAAAAAAP5c\/DolpHFTVryY7y1zzE34KdP2XU9FWBkIGQCLcBGAs\/s640\/Anota%25C3%25A7%25C3%25A3o%2B2019-08-25%2B163838.jpg\" alt=\"\"\/><\/figure>\n\n\n\n<figure class=\"wp-block-image\"><img decoding=\"async\" src=\"https:\/\/1.bp.blogspot.com\/-gGsmK8WzaTk\/XWL24iXreeI\/AAAAAAAAP5g\/b_eWq9zsVQ8ffsigvYqqxaq76Xl7uU7QACLcBGAs\/s640\/Anota%25C3%25A7%25C3%25A3o%2B2019-08-25%2B163932.jpg\" alt=\"\"\/><\/figure>\n\n\n<p>Boa noite, amigos cultos e ocultos! Fechando a nossa mostra de colet\u00e2neas, eu trago hoje uma que merece respeito, &#8220;Samba Nostalgia &#8211; Vol. 2&#8221;. Ta\u00ed um \u00e1lbum duplo que vale cada faixa em suas 36 m\u00fasicas. Uma sele\u00e7\u00e3o de sambas da gravadora RCA Victor extra\u00eddos de discos e artistas do se &#8216;cast&#8217; ao longo das d\u00e9cadas de 40, 50 e 60. Aqui temos o volume 2, mas logo que poss\u00edvel postarei tamb\u00e9m o primeiro (ser\u00e1 que temos um terceiro?). Vamos ver isso. At\u00e9 ent\u00e3o, divirtam-se com essa sele\u00e7\u00e3o preciosa.<\/p>\n<div style=\"text-align: center;\">madame fulana de tal &#8211; nelson gon\u00e7alves<\/div>\n<div style=\"text-align: center;\">meus tempos de crian\u00e7a &#8211; ataulfo alves<\/div>\n<div style=\"text-align: center;\">rosa morena &#8211; miltinho<\/div>\n<div style=\"text-align: center;\">lamento &#8211; jacob do bandolim<\/div>\n<div style=\"text-align: center;\">yaya do cais dourado &#8211; martinho da vila<\/div>\n<div style=\"text-align: center;\">caf\u00e9 so\u00e7aite &#8211; jorge veiga<\/div>\n<div style=\"text-align: center;\">falsa baiana &#8211; cor monteiro<\/div>\n<div style=\"text-align: center;\">nega maluca &#8211; linda batista<\/div>\n<div style=\"text-align: center;\">tr\u00eas apitos &#8211; maria bethania<\/div>\n<div style=\"text-align: center;\">cad\u00ea tereza &#8211; os originais do samba<\/div>\n<div style=\"text-align: center;\">volta por cima &#8211; adalto santos<\/div>\n<div style=\"text-align: center;\">luz negra &#8211; o sol nascer\u00e1 &#8211; maria creusa<\/div>\n<div style=\"text-align: center;\">filoso fia do samba &#8211; candeia<\/div>\n<div style=\"text-align: center;\">adeus batucada &#8211; synval silva<\/div>\n<div style=\"text-align: center;\">nem \u00e9 bom falar &#8211; adeus &#8211; ismael silva<\/div>\n<div style=\"text-align: center;\">boogie woogie na favela &#8211; ciro monteiro<\/div>\n<div style=\"text-align: center;\">o pequeno burgues &#8211; martinho da vila<\/div>\n<div style=\"text-align: center;\">caminhemos &#8211; nelson gon\u00e7alves<\/div>\n<div style=\"text-align: center;\">acertei no milhar &#8211; jorge veiga<\/div>\n<div style=\"text-align: center;\">pot pourri de samba &#8211; man\u00e9 do cavaco<\/div>\n<div style=\"text-align: center;\">mora na filosofia &#8211; maria bethania<\/div>\n<div style=\"text-align: center;\">atire a primeira pedra &#8211; orlando silva<\/div>\n<div style=\"text-align: center;\">deixe essa mulher pra l\u00e1 &#8211; ataulfo alves<\/div>\n<div style=\"text-align: center;\">os quindins de yaya &#8211; emilinha borba e cesar alencar<\/div>\n<div style=\"text-align: center;\">marina &#8211; dick farney<\/div>\n<div style=\"text-align: center;\">samba de uma nota s\u00f3 &#8211; leny andrade<\/div>\n<div style=\"text-align: center;\">amigo urso &#8211; moreira da silva<\/div>\n<div style=\"text-align: center;\">esses mo\u00e7os &#8211; lupic\u00ednio rodrigues<\/div>\n<div style=\"text-align: center;\">chora cavaquinho &#8211; orlando silva<\/div>\n<div style=\"text-align: center;\">not\u00edcia &#8211; nelson cavaquinho<\/div>\n<div style=\"text-align: center;\">vai, mas vai mesmo &#8211; nora ney<\/div>\n<div style=\"text-align: center;\">o orvalho vem caindo &#8211; almirante<\/div>\n<p style=\"text-align: center;\"><br \/><br \/>.<\/p>","protected":false},"excerpt":{"rendered":"<p>Boa noite, amigos cultos e ocultos! Fechando a nossa mostra de colet\u00e2neas, eu trago hoje uma que merece respeito, &#8220;Samba Nostalgia &#8211; Vol. 2&#8221;. Ta\u00ed um \u00e1lbum duplo que vale cada faixa em suas 36 m\u00fasicas. Uma sele\u00e7\u00e3o de sambas &hellip; <a href=\"https:\/\/www.toque-musicall.com\/?p=6844\">Continue lendo <span class=\"meta-nav\">&rarr;<\/span><\/a><\/p>\n","protected":false},"author":1,"featured_media":0,"comment_status":"closed","ping_status":"closed","sticky":false,"template":"","format":"standard","meta":{"footnotes":""},"categories":[1],"tags":[3158,3203,3204],"class_list":["post-6844","post","type-post","status-publish","format-standard","hentry","category-sem-categoria","tag-coletanea","tag-coletanea-samba-nostalgia-rca-victor","tag-selo-rca-camden"],"_links":{"self":[{"href":"https:\/\/www.toque-musicall.com\/index.php?rest_route=\/wp\/v2\/posts\/6844","targetHints":{"allow":["GET"]}}],"collection":[{"href":"https:\/\/www.toque-musicall.com\/index.php?rest_route=\/wp\/v2\/posts"}],"about":[{"href":"https:\/\/www.toque-musicall.com\/index.php?rest_route=\/wp\/v2\/types\/post"}],"author":[{"embeddable":true,"href":"https:\/\/www.toque-musicall.com\/index.php?rest_route=\/wp\/v2\/users\/1"}],"replies":[{"embeddable":true,"href":"https:\/\/www.toque-musicall.com\/index.php?rest_route=%2Fwp%2Fv2%2Fcomments&post=6844"}],"version-history":[{"count":1,"href":"https:\/\/www.toque-musicall.com\/index.php?rest_route=\/wp\/v2\/posts\/6844\/revisions"}],"predecessor-version":[{"id":6845,"href":"https:\/\/www.toque-musicall.com\/index.php?rest_route=\/wp\/v2\/posts\/6844\/revisions\/6845"}],"wp:attachment":[{"href":"https:\/\/www.toque-musicall.com\/index.php?rest_route=%2Fwp%2Fv2%2Fmedia&parent=6844"}],"wp:term":[{"taxonomy":"category","embeddable":true,"href":"https:\/\/www.toque-musicall.com\/index.php?rest_route=%2Fwp%2Fv2%2Fcategories&post=6844"},{"taxonomy":"post_tag","embeddable":true,"href":"https:\/\/www.toque-musicall.com\/index.php?rest_route=%2Fwp%2Fv2%2Ftags&post=6844"}],"curies":[{"name":"wp","href":"https:\/\/api.w.org\/{rel}","templated":true}]}}