{"id":6846,"date":"2019-08-03T00:28:17","date_gmt":"2019-08-03T03:28:17","guid":{"rendered":"http:\/\/www.toque-musicall.com\/?p=6846"},"modified":"2019-09-01T00:36:37","modified_gmt":"2019-09-01T03:36:37","slug":"sergio-endrigo-exclusivamente-brasil-1979","status":"publish","type":"post","link":"https:\/\/www.toque-musicall.com\/?p=6846","title":{"rendered":"S\u00e9rgio Endrigo &#8211; Exclusivamente Brasil (1979)"},"content":{"rendered":"\n<figure class=\"wp-block-image\"><img decoding=\"async\" src=\"https:\/\/1.bp.blogspot.com\/-SxdQuBuX3Zc\/XWsAbZdwZII\/AAAAAAAAP50\/0nNqg_Ee6m0R0R_t1JcyWfPUjt4EafO2wCLcBGAs\/s640\/Anota%25C3%25A7%25C3%25A3o%2B2019-08-25%2B114727.jpg\" alt=\"\"\/><\/figure>\n\n\n\n<figure class=\"wp-block-image\"><img decoding=\"async\" src=\"https:\/\/1.bp.blogspot.com\/-HYx646MrZS4\/XWsAbNNDQdI\/AAAAAAAAP5w\/t-2-0AkVmpgF7LNqV1LDrdUJcstmR7ejQCLcBGAs\/s640\/Anota%25C3%25A7%25C3%25A3o%2B2019-08-25%2B114808.jpg\" alt=\"\"\/><\/figure>\n\n\n<p>Sem sombra de d\u00favida, S\u00e9rgio Endrigo (Pula, Cro\u00e1cia, 15\/6\/1933-Roma, It\u00e1lia, 7\/9\/2005) foi um dos maiores nomes da m\u00fasica popular italiana. Sucessos como \u201cIo che amo solo te\u201d, \u201cLontano dagli occhi\u201d e \u201cCanzone per te\u201d (m\u00fasica com a qual venceu o Festival de San Remo de 1968, defendida por Roberto Carlos) s\u00e3o muito apreciados e lembrados at\u00e9 hoje. Endrigo tamb\u00e9m era um apaixonado por m\u00fasica brasileira, fruto do conv\u00edvio e da amizade com artistas do porte de Chico Buarque e da dupla Toquinho e Vin\u00edcius de Moraes. Foi da\u00ed que surgiu a ideia de se gravar um \u00e1lbum exclusivamente de m\u00fasica brasileira, e em portugu\u00eas, posto que Endrigo dominava muito bem nosso idioma. E aqui est\u00e1 \u201cExclusivamente Brasil\u201d, lan\u00e7ado em 1979 e que o TM oferece hoje a seus amigos cultos e ocultos. O repert\u00f3rio foi selecionado pelo pr\u00f3prio S\u00e9rgio Endrigo, e inclui duas m\u00fasicas in\u00e9ditas: \u201cSamba para Endrigo\u201d (Toquinho e Vin\u00edcius de Moraes) e \u201cA rosa\u201d (Chico Buarque), com a participa\u00e7\u00e3o vocal de seus respectivos autores.\u00a0 Outra faixa de destaque \u00e9 \u201cSamba em prel\u00fadio\u201d, um \u00f3timo dueto de Endrigo com Faf\u00e1 de Bel\u00e9m. No mais, uma produ\u00e7\u00e3o muito bem cuidada, com arranjos competentes e digna de nossa postagem de hoje. N\u00e3o deixem de conferir!<\/p>\n<div style=\"text-align: center;\">samba para endrigo<\/div>\n<div style=\"text-align: center;\">caf\u00e9 da manh\u00e3<\/div>\n<div style=\"text-align: center;\">trocando em mi\u00fados<\/div>\n<div style=\"text-align: center;\">a noite do meu bem<\/div>\n<div style=\"text-align: center;\">onde anda voc\u00ea<\/div>\n<div style=\"text-align: center;\">carinhoso<\/div>\n<div style=\"text-align: center;\">a rosa<\/div>\n<div style=\"text-align: center;\">samba em prel\u00fadio<\/div>\n<div style=\"text-align: center;\">\u00a0ana luiza<\/div>\n<div style=\"text-align: center;\">morena do mar<\/div>\n<div style=\"text-align: center;\">jo\u00e3o e maria<\/div>\n<div style=\"text-align: center;\">morena flor<\/div>\n<p><br \/><br \/><br \/>*Texto de Samuel Machado Filho<\/p>\n<p>\u00a0<\/p>","protected":false},"excerpt":{"rendered":"<p>Sem sombra de d\u00favida, S\u00e9rgio Endrigo (Pula, Cro\u00e1cia, 15\/6\/1933-Roma, It\u00e1lia, 7\/9\/2005) foi um dos maiores nomes da m\u00fasica popular italiana. Sucessos como \u201cIo che amo solo te\u201d, \u201cLontano dagli occhi\u201d e \u201cCanzone per te\u201d (m\u00fasica com a qual venceu o &hellip; <a href=\"https:\/\/www.toque-musicall.com\/?p=6846\">Continue lendo <span class=\"meta-nav\">&rarr;<\/span><\/a><\/p>\n","protected":false},"author":1,"featured_media":0,"comment_status":"closed","ping_status":"closed","sticky":false,"template":"","format":"standard","meta":{"footnotes":""},"categories":[48,3205],"tags":[3012,3206],"class_list":["post-6846","post","type-post","status-publish","format-standard","hentry","category-selo-philips","category-sergio-endrigo","tag-selo-philips","tag-sergio-endrigo"],"_links":{"self":[{"href":"https:\/\/www.toque-musicall.com\/index.php?rest_route=\/wp\/v2\/posts\/6846","targetHints":{"allow":["GET"]}}],"collection":[{"href":"https:\/\/www.toque-musicall.com\/index.php?rest_route=\/wp\/v2\/posts"}],"about":[{"href":"https:\/\/www.toque-musicall.com\/index.php?rest_route=\/wp\/v2\/types\/post"}],"author":[{"embeddable":true,"href":"https:\/\/www.toque-musicall.com\/index.php?rest_route=\/wp\/v2\/users\/1"}],"replies":[{"embeddable":true,"href":"https:\/\/www.toque-musicall.com\/index.php?rest_route=%2Fwp%2Fv2%2Fcomments&post=6846"}],"version-history":[{"count":1,"href":"https:\/\/www.toque-musicall.com\/index.php?rest_route=\/wp\/v2\/posts\/6846\/revisions"}],"predecessor-version":[{"id":6847,"href":"https:\/\/www.toque-musicall.com\/index.php?rest_route=\/wp\/v2\/posts\/6846\/revisions\/6847"}],"wp:attachment":[{"href":"https:\/\/www.toque-musicall.com\/index.php?rest_route=%2Fwp%2Fv2%2Fmedia&parent=6846"}],"wp:term":[{"taxonomy":"category","embeddable":true,"href":"https:\/\/www.toque-musicall.com\/index.php?rest_route=%2Fwp%2Fv2%2Fcategories&post=6846"},{"taxonomy":"post_tag","embeddable":true,"href":"https:\/\/www.toque-musicall.com\/index.php?rest_route=%2Fwp%2Fv2%2Ftags&post=6846"}],"curies":[{"name":"wp","href":"https:\/\/api.w.org\/{rel}","templated":true}]}}