{"id":6848,"date":"2019-08-07T00:37:00","date_gmt":"2019-08-07T03:37:00","guid":{"rendered":"http:\/\/www.toque-musicall.com\/?p=6848"},"modified":"2019-09-01T00:46:26","modified_gmt":"2019-09-01T03:46:26","slug":"o-raro-villa-lobos-2004","status":"publish","type":"post","link":"https:\/\/www.toque-musicall.com\/?p=6848","title":{"rendered":"O Raro Villa-Lobos (2004)"},"content":{"rendered":"\n<figure class=\"wp-block-image\"><img decoding=\"async\" src=\"https:\/\/1.bp.blogspot.com\/-CXxDyGKr8D4\/XWsGT61BhuI\/AAAAAAAAP6I\/LjMlqma_JcsCSfwrj_x04xpCeHfgMUy1gCLcBGAs\/s640\/Anota%25C3%25A7%25C3%25A3o%2B2019-07-26%2B140651.jpg\" alt=\"\"\/><\/figure>\n\n\n\n<figure class=\"wp-block-image\"><img decoding=\"async\" src=\"https:\/\/1.bp.blogspot.com\/-Sj4lwr33QtQ\/XWsGTeehRkI\/AAAAAAAAP6E\/1U7d_0yqMd8PXcQlZOo894EsmsDAGducACLcBGAs\/s640\/Anota%25C3%25A7%25C3%25A3o%2B2019-07-26%2B140551.jpg\" alt=\"\"\/><\/figure>\n\n\n<p>Ol\u00e1, amigos cultos e ocultos! O Toque Musical apresenta hoje uma raridade j\u00e1 da era do CD. Trata-se de um disco lan\u00e7ado em 2004, reunindo obras in\u00e9ditas de Heitor Villa-Lobos (Rio de Janeiro, 5\/3\/1887-idem, 17\/11\/1959), indiscutivelmente o maior expoente da m\u00fasica erudita no Brasil e na Am\u00e9rica do Sul. O CD foi gravado ao vivo pela Orquestra Sinf\u00f4nica do Theatro Municipal do Rio de Janeiro, sob a reg\u00eancia do maestro e tamb\u00e9m compositor Silvio Barbato. Mineiro de Candeias, nascido em 11 de maio de 1959, Barbato desapareceu tragicamente no dia primeiro de junho de 2009, durante o voo 447 da Air France. O avi\u00e3o caiu no mar quando ia do Rio de Janeiro para Kiev, na Ucr\u00e2nia (com conex\u00e3o em Paris), onde o maestro iria fazer uma palestra sobre m\u00fasica russa e m\u00fasica brasileira, e apresentar sua \u00f3pera \u201cCarlos Chagas\u201d em vers\u00e3o integral. O encarte do disco traz informa\u00e7\u00f5es sobre as pe\u00e7as inclu\u00eddas e sua execu\u00e7\u00e3o. Em suma, \u00e9 um documento de inestim\u00e1vel valor hist\u00f3rico que o TM traz at\u00e9 n\u00f3s, fazendo uma dupla homenagem, a Villa-Lobos e a Silvio Barbato. Vale conferir.<\/p>\n<div style=\"text-align: center;\">\u00e9l\u00e9gie<\/div>\n<div style=\"text-align: center;\">naufr\u00e1gio de kle\u00f4nicos<\/div>\n<div style=\"text-align: center;\">sinfoneta n.2\u00a0<\/div>\n<div style=\"text-align: center;\">odisseia de uma ra\u00e7a<\/div>\n<div style=\"text-align: center;\">suite for chamber orchestra<\/div>\n<p style=\"text-align: left;\"><br \/>*Texto de Samuel Machado Filho<\/p>","protected":false},"excerpt":{"rendered":"<p>Ol\u00e1, amigos cultos e ocultos! O Toque Musical apresenta hoje uma raridade j\u00e1 da era do CD. Trata-se de um disco lan\u00e7ado em 2004, reunindo obras in\u00e9ditas de Heitor Villa-Lobos (Rio de Janeiro, 5\/3\/1887-idem, 17\/11\/1959), indiscutivelmente o maior expoente da &hellip; <a href=\"https:\/\/www.toque-musicall.com\/?p=6848\">Continue lendo <span class=\"meta-nav\">&rarr;<\/span><\/a><\/p>\n","protected":false},"author":1,"featured_media":0,"comment_status":"closed","ping_status":"closed","sticky":false,"template":"","format":"standard","meta":{"footnotes":""},"categories":[2659,3209],"tags":[3207],"class_list":["post-6848","post","type-post","status-publish","format-standard","hentry","category-cds","category-villa-lobos-2","tag-villa-lobos"],"_links":{"self":[{"href":"https:\/\/www.toque-musicall.com\/index.php?rest_route=\/wp\/v2\/posts\/6848","targetHints":{"allow":["GET"]}}],"collection":[{"href":"https:\/\/www.toque-musicall.com\/index.php?rest_route=\/wp\/v2\/posts"}],"about":[{"href":"https:\/\/www.toque-musicall.com\/index.php?rest_route=\/wp\/v2\/types\/post"}],"author":[{"embeddable":true,"href":"https:\/\/www.toque-musicall.com\/index.php?rest_route=\/wp\/v2\/users\/1"}],"replies":[{"embeddable":true,"href":"https:\/\/www.toque-musicall.com\/index.php?rest_route=%2Fwp%2Fv2%2Fcomments&post=6848"}],"version-history":[{"count":1,"href":"https:\/\/www.toque-musicall.com\/index.php?rest_route=\/wp\/v2\/posts\/6848\/revisions"}],"predecessor-version":[{"id":6849,"href":"https:\/\/www.toque-musicall.com\/index.php?rest_route=\/wp\/v2\/posts\/6848\/revisions\/6849"}],"wp:attachment":[{"href":"https:\/\/www.toque-musicall.com\/index.php?rest_route=%2Fwp%2Fv2%2Fmedia&parent=6848"}],"wp:term":[{"taxonomy":"category","embeddable":true,"href":"https:\/\/www.toque-musicall.com\/index.php?rest_route=%2Fwp%2Fv2%2Fcategories&post=6848"},{"taxonomy":"post_tag","embeddable":true,"href":"https:\/\/www.toque-musicall.com\/index.php?rest_route=%2Fwp%2Fv2%2Ftags&post=6848"}],"curies":[{"name":"wp","href":"https:\/\/api.w.org\/{rel}","templated":true}]}}