{"id":6858,"date":"2019-08-21T20:21:29","date_gmt":"2019-08-21T23:21:29","guid":{"rendered":"http:\/\/www.toque-musicall.com\/?p=6858"},"modified":"2019-10-03T23:27:26","modified_gmt":"2019-10-04T02:27:26","slug":"ana-de-hollanda-1980","status":"publish","type":"post","link":"https:\/\/www.toque-musicall.com\/?p=6858","title":{"rendered":"Ana De Hollanda (1980)"},"content":{"rendered":"\n<figure class=\"wp-block-image\"><img decoding=\"async\" src=\"https:\/\/1.bp.blogspot.com\/-ZD3Tw8jfbEI\/XXQ22ClxWgI\/AAAAAAAAP7U\/Q1_E2Q-Sj1MggG9fj7FJRU2NloG2c4neQCEwYBhgL\/s640\/Anota%25C3%25A7%25C3%25A3o%2B2019-09-07%2B200315.jpg\" alt=\"\"\/><\/figure>\n\n\n\n<figure class=\"wp-block-image\"><img decoding=\"async\" src=\"https:\/\/1.bp.blogspot.com\/-UPldcCULd1A\/XXQ22s94PcI\/AAAAAAAAP7Y\/i2EiCD2Ip8cqrNh_xOIZ-j3lj2UVosFMgCEwYBhgL\/s640\/Anota%25C3%25A7%25C3%25A3o%2B2019-09-07%2B200239.jpg\" alt=\"\"\/><\/figure>\n\n\n<p>Boa noite, amigos cultos e ocultos! Hoje trazemos para voc\u00eas o primeiro disco da cantora, compositora e muito mais, al\u00e9m de fazer parte do cl\u00e3 dos Hollandas. Irm\u00e3 de Chico, Mi\u00facha e Cristina. Enfim, uma artista que vem de uma fam\u00edlia renomada, sempre presente na nossa cultura. N\u00e3o foi por acaso que Ana chegou a ser Ministra da Cultura, no tempo em que ainda t\u00ednhamos Cultura e Educa\u00e7\u00e3o nesse nosso Brasil. Eis aqui Ana de Hollanda, a cantora em seu primeiro disco solo. Um trabalho muito bem produzido, trazendo um repert\u00f3rio selecionado pela pr\u00f3pria artista. Os arranjos e reg\u00eancias s\u00e3o dos maestros Edson Jos\u00e9 Alves e Marcus Vinicius. Ana vem acompanhada por um time de m\u00fasicos de primeir\u00edssima, que d\u00e3o a este disco toda a sobriedade e beleza. Vale a pena conferir&#8230;<\/p>\n<div style=\"text-align: center;\">waikiri<\/div>\n<div style=\"text-align: center;\">tres marias<\/div>\n<div style=\"text-align: center;\">resto de lembran\u00e7a<\/div>\n<div style=\"text-align: center;\">um grito parado no ar<\/div>\n<div style=\"text-align: center;\">ang\u00e9lica<\/div>\n<div style=\"text-align: center;\">santa vida<\/div>\n<div style=\"text-align: center;\">alvorada<\/div>\n<div style=\"text-align: center;\">tipo zero<\/div>\n<div style=\"text-align: center;\">boca de cereja<\/div>\n<div style=\"text-align: center;\">quando os peda\u00e7os da gente<\/div>\n<div style=\"text-align: center;\">ciranda<\/div>\n<p>.<\/p>","protected":false},"excerpt":{"rendered":"<p>Boa noite, amigos cultos e ocultos! Hoje trazemos para voc\u00eas o primeiro disco da cantora, compositora e muito mais, al\u00e9m de fazer parte do cl\u00e3 dos Hollandas. Irm\u00e3 de Chico, Mi\u00facha e Cristina. Enfim, uma artista que vem de uma &hellip; <a href=\"https:\/\/www.toque-musicall.com\/?p=6858\">Continue lendo <span class=\"meta-nav\">&rarr;<\/span><\/a><\/p>\n","protected":false},"author":1,"featured_media":0,"comment_status":"closed","ping_status":"closed","sticky":false,"template":"","format":"standard","meta":{"footnotes":""},"categories":[1],"tags":[3220,3221],"class_list":["post-6858","post","type-post","status-publish","format-standard","hentry","category-sem-categoria","tag-ana-de-hollanda","tag-selo-eldorado"],"_links":{"self":[{"href":"https:\/\/www.toque-musicall.com\/index.php?rest_route=\/wp\/v2\/posts\/6858","targetHints":{"allow":["GET"]}}],"collection":[{"href":"https:\/\/www.toque-musicall.com\/index.php?rest_route=\/wp\/v2\/posts"}],"about":[{"href":"https:\/\/www.toque-musicall.com\/index.php?rest_route=\/wp\/v2\/types\/post"}],"author":[{"embeddable":true,"href":"https:\/\/www.toque-musicall.com\/index.php?rest_route=\/wp\/v2\/users\/1"}],"replies":[{"embeddable":true,"href":"https:\/\/www.toque-musicall.com\/index.php?rest_route=%2Fwp%2Fv2%2Fcomments&post=6858"}],"version-history":[{"count":2,"href":"https:\/\/www.toque-musicall.com\/index.php?rest_route=\/wp\/v2\/posts\/6858\/revisions"}],"predecessor-version":[{"id":6881,"href":"https:\/\/www.toque-musicall.com\/index.php?rest_route=\/wp\/v2\/posts\/6858\/revisions\/6881"}],"wp:attachment":[{"href":"https:\/\/www.toque-musicall.com\/index.php?rest_route=%2Fwp%2Fv2%2Fmedia&parent=6858"}],"wp:term":[{"taxonomy":"category","embeddable":true,"href":"https:\/\/www.toque-musicall.com\/index.php?rest_route=%2Fwp%2Fv2%2Fcategories&post=6858"},{"taxonomy":"post_tag","embeddable":true,"href":"https:\/\/www.toque-musicall.com\/index.php?rest_route=%2Fwp%2Fv2%2Ftags&post=6858"}],"curies":[{"name":"wp","href":"https:\/\/api.w.org\/{rel}","templated":true}]}}