{"id":6874,"date":"2019-09-04T19:50:58","date_gmt":"2019-09-04T22:50:58","guid":{"rendered":"http:\/\/www.toque-musicall.com\/?p=6874"},"modified":"2019-10-02T19:55:02","modified_gmt":"2019-10-02T22:55:02","slug":"celio-balona-alumbramento-2010","status":"publish","type":"post","link":"https:\/\/www.toque-musicall.com\/?p=6874","title":{"rendered":"Celio Balona &#8211; Alumbramento (2010)"},"content":{"rendered":"\n<figure class=\"wp-block-image\"><img decoding=\"async\" src=\"https:\/\/1.bp.blogspot.com\/-9kycmCsDg6g\/XZQRB4VvxXI\/AAAAAAAAP9I\/BusX_YCS24I-e-bFI5IkFjRAykWyqmVyQCLcBGAsYHQ\/s640\/Anota%25C3%25A7%25C3%25A3o%2B2019-10-01%2B235643.jpg\" alt=\"\"\/><\/figure>\n\n\n\n<figure class=\"wp-block-image\"><img decoding=\"async\" src=\"https:\/\/1.bp.blogspot.com\/-8-jTcj8ctxM\/XZQRBt9ESsI\/AAAAAAAAP9E\/k9Aq6HgEDzU-QD7YfVHFmFMqBt9l-YzoACLcBGAsYHQ\/s640\/Anota%25C3%25A7%25C3%25A3o%2B2019-10-01%2B235811.jpg\" alt=\"\"\/><\/figure>\n\n\n<p><span style=\"font-weight: 400;\">Ol\u00e1 amigos cultos e ocultos! Indo e vindo, aqui estamos n\u00f3s, atrasados, mas sempre na surpresa, preenchendo as vagas&#8230; pois aqui o tempo n\u00e3o passa&#8230;<\/span><br style=\"font-weight: 400;\" \/><span style=\"font-weight: 400;\">Hoje eu trago para voc\u00eas um trabalho, em cd, do querid\u00edssimo C\u00e9lio Balona, de 2014. Esse merece sempre estar aqui. M\u00fasico dos mais importantes da cena da m\u00fasica mineira. Infelizmente, pouco conhecido al\u00e9m das nossas montanhas pelo grande p\u00fablico, mas sem d\u00favida, figura memor\u00e1vel na hist\u00f3ria da m\u00fasica brasileira.<\/span><br style=\"font-weight: 400;\" \/><span style=\"font-weight: 400;\">Temos aqui &#8220;Alumbramento&#8221;, um trabalho refinado, gravado em 2010. Uma trilha premiada, para um filme de mesmo nome, &#8220;Alumbramento&#8221;, de Laine Milan. Em depoimento sobre este trabalho:<\/span><em>&#8220;Alumbramentos&#8221; \u00e9 o nome de um filme da cineasta Laine Milan, para o qual fiz a trilha sonora. Da\u00ed, resolvi colocar esse nome no cd, pois ele representa muito bem todos os alumbramentos que tive durante esses 50 anos dedicados \u00e0 m\u00fasica. \u00c9 uma panor\u00e2mica de minha trajet\u00f3ria, as influencias que tive e todo o aprendizado ao longo desse tempo. S\u00e3o doze m\u00fasicas compostas por mim onde tive o grande prazer de gravar com m\u00fasicos pelos quais tenho a maior admira\u00e7\u00e3o e respeito. Al\u00e9m do mais, tive o privil\u00e9gio da parceria em quatro m\u00fasicas com o grande poeta e letrista Murilo Antunes e dos cantores Paulinho Pedra Azul e Carla Villar, que me encantam e emocionam!\u00a0<\/em><em>A m\u00eddia tem me dado uma resposta muito positiva. As r\u00e1dios come\u00e7aram a tocar e a Rede Minas gravou o show de lan\u00e7amento e vai fazer um \u201cEspecial C\u00e9lio Balona 50 anos de M\u00fasica<\/em><em>.\u201d <\/em><span style=\"font-weight: 400;\">Confiram no GTM.<\/span><br style=\"font-weight: 400;\" \/><br style=\"font-weight: 400;\" \/><\/p>\n<p style=\"font-weight: 400; text-align: center;\">marinheiro<\/p>\n<p style=\"font-weight: 400; text-align: center;\">alumbramentos<\/p>\n<p style=\"font-weight: 400; text-align: center;\">bai\u00e3o blues<\/p>\n<p style=\"font-weight: 400; text-align: center;\">s\u00f3 nos resta fazer can\u00e7\u00f5es<\/p>\n<p style=\"text-align: center;\">groove<\/p>\n<p style=\"font-weight: 400; text-align: center;\">cora\u00e7\u00e3o poeta<\/p>\n<p style=\"font-weight: 400; text-align: center;\">cantiga para stella<\/p>\n<p style=\"font-weight: 400; text-align: center;\">frevendo<\/p>\n<p style=\"font-weight: 400; text-align: center;\">quando for<\/p>\n<p style=\"font-weight: 400; text-align: center;\">batuque<\/p>\n<p style=\"font-weight: 400; text-align: center;\">mist\u00e9rio de amar<\/p>\n<p style=\"font-weight: 400; text-align: center;\">mistura fina<\/p>\n<p><br style=\"font-weight: 400;\" \/><br style=\"font-weight: 400;\" \/><span style=\"font-weight: 400;\">.<\/span><\/p>","protected":false},"excerpt":{"rendered":"<p>Ol\u00e1 amigos cultos e ocultos! Indo e vindo, aqui estamos n\u00f3s, atrasados, mas sempre na surpresa, preenchendo as vagas&#8230; pois aqui o tempo n\u00e3o passa&#8230;Hoje eu trago para voc\u00eas um trabalho, em cd, do querid\u00edssimo C\u00e9lio Balona, de 2014. Esse &hellip; <a href=\"https:\/\/www.toque-musicall.com\/?p=6874\">Continue lendo <span class=\"meta-nav\">&rarr;<\/span><\/a><\/p>\n","protected":false},"author":1,"featured_media":0,"comment_status":"closed","ping_status":"closed","sticky":false,"template":"","format":"standard","meta":{"footnotes":""},"categories":[1],"tags":[3230],"class_list":["post-6874","post","type-post","status-publish","format-standard","hentry","category-sem-categoria","tag-celio-balona"],"_links":{"self":[{"href":"https:\/\/www.toque-musicall.com\/index.php?rest_route=\/wp\/v2\/posts\/6874","targetHints":{"allow":["GET"]}}],"collection":[{"href":"https:\/\/www.toque-musicall.com\/index.php?rest_route=\/wp\/v2\/posts"}],"about":[{"href":"https:\/\/www.toque-musicall.com\/index.php?rest_route=\/wp\/v2\/types\/post"}],"author":[{"embeddable":true,"href":"https:\/\/www.toque-musicall.com\/index.php?rest_route=\/wp\/v2\/users\/1"}],"replies":[{"embeddable":true,"href":"https:\/\/www.toque-musicall.com\/index.php?rest_route=%2Fwp%2Fv2%2Fcomments&post=6874"}],"version-history":[{"count":1,"href":"https:\/\/www.toque-musicall.com\/index.php?rest_route=\/wp\/v2\/posts\/6874\/revisions"}],"predecessor-version":[{"id":6875,"href":"https:\/\/www.toque-musicall.com\/index.php?rest_route=\/wp\/v2\/posts\/6874\/revisions\/6875"}],"wp:attachment":[{"href":"https:\/\/www.toque-musicall.com\/index.php?rest_route=%2Fwp%2Fv2%2Fmedia&parent=6874"}],"wp:term":[{"taxonomy":"category","embeddable":true,"href":"https:\/\/www.toque-musicall.com\/index.php?rest_route=%2Fwp%2Fv2%2Fcategories&post=6874"},{"taxonomy":"post_tag","embeddable":true,"href":"https:\/\/www.toque-musicall.com\/index.php?rest_route=%2Fwp%2Fv2%2Ftags&post=6874"}],"curies":[{"name":"wp","href":"https:\/\/api.w.org\/{rel}","templated":true}]}}