{"id":6882,"date":"2019-09-10T23:39:44","date_gmt":"2019-09-11T02:39:44","guid":{"rendered":"http:\/\/www.toque-musicall.com\/?p=6882"},"modified":"2019-10-09T23:44:57","modified_gmt":"2019-10-10T02:44:57","slug":"esse-rio-que-eu-amo-1961","status":"publish","type":"post","link":"https:\/\/www.toque-musicall.com\/?p=6882","title":{"rendered":"Esse Rio Que Eu Amo (1961)"},"content":{"rendered":"\n<figure class=\"wp-block-image\"><img decoding=\"async\" src=\"https:\/\/1.bp.blogspot.com\/-9Z07-EVI0R4\/XZqd79PWTZI\/AAAAAAAAP-0\/eC94xke1SYQGghzkhJIiAU_334Qa5yHjACLcBGAsYHQ\/s640\/Anota%25C3%25A7%25C3%25A3o%2B2019-10-06%2B231628.jpg\" alt=\"\"\/><\/figure>\n\n\n\n<figure class=\"wp-block-image\"><img decoding=\"async\" src=\"https:\/\/1.bp.blogspot.com\/-EGOeS5RUXPM\/XZqd9kFVZLI\/AAAAAAAAP-4\/mKxzrsm76a43bMRR4Gc5sYB8vUYH8W7QACLcBGAsYHQ\/s640\/Anota%25C3%25A7%25C3%25A3o%2B2019-10-06%2B231709.jpg\" alt=\"\"\/><\/figure>\n\n\n<p>Ol\u00e1, amigos cultos e ocultos! O Toque Musical apresenta hoje mais um \u00e1lbum relacionado ao cinema. \u00c9 a trilha sonora do filme \u201cEsse Rio que eu amo\u201d, produ\u00e7\u00e3o de 1961 dirigida por Carlos Hugo Christensen (Santiago del Estero, Argentina, 15\/12\/1914-Rio de Janeiro, 30\/11\/1999), com roteiro de Mill\u00f4r Fernandes. Tendo como pano de fundo o carnaval carioca, o filme adapta quatro contos da literatura brasileira: \u201cBalbino, o homem do mar\u201d e \u201cMilhar seco\u201d, ambos de Or\u00edgenes Lessa, \u201cA morte da porta-estandarte\u201d, de An\u00edbal Machado, e \u201cNoite de Almirante\u201d, de Machado de Assis. No elenco, grandes artistas da \u00e9poca: Jardel Filho, Odete Lara, T\u00f4nia Carrero, Diana Morel, Wilson Grey e Francisco Dantas, entre outros. No lado A, temos uma regrava\u00e7\u00e3o da \u201cSinfonia do Rio de Janeiro\u201d, de Tom Jobim e Billy Blanco, na interpreta\u00e7\u00e3o de Lana Bittencourt e Haroldo de Almeida, com orquestra\u00e7\u00e3o e dire\u00e7\u00e3o de L\u00edrio Panicalli. Tem ainda o samba \u201cEle \u00e9 engraxate\u201d, grande sucesso na \u00e9poca, interpretado por coro infantil, e o samba-can\u00e7\u00e3o \u201cDentro da noite\u201d, de Normando e \u00c9dison Borges, na voz do pr\u00f3prio Normando. Por \u00faltimo, no lado B, uma sele\u00e7\u00e3o de sambas carnavalescos, tipo \u201cLevanta Mangueira\u201d, \u201cMadureira chorou\u201d e \u201cQuero morrer no carnaval\u201d. Em suma, este \u00e9 mais um disco que merece a postagem do nosso TM, com toda a justi\u00e7a. Confiram no GTM.\u00a0<\/p>\n<div style=\"text-align: center;\">sinfonia do rio de janeiro<\/div>\n<div style=\"text-align: center;\">a montanha, o sol, o mar<\/div>\n<div style=\"text-align: center;\">ele \u00e9 engraxate<\/div>\n<div style=\"text-align: center;\">dentro da noite<\/div>\n<div style=\"text-align: center;\">voc\u00ea passou<\/div>\n<div style=\"text-align: center;\">levanta mangueira<\/div>\n<div style=\"text-align: center;\">madureira chorou<\/div>\n<div style=\"text-align: center;\">no outro carnaval<\/div>\n<div style=\"text-align: center;\">l\u00e1grimas<\/div>\n<div style=\"text-align: center;\">perdi a esperan\u00e7a<\/div>\n<div style=\"text-align: center;\">quero morrer no carnaval<\/div>\n<div style=\"text-align: center;\">foi ela<\/div>\n<div style=\"text-align: center;\">saudade de cetim<\/div>\n<p><br \/><br \/>*Texto de Samuel Machado Filho<\/p>","protected":false},"excerpt":{"rendered":"<p>Ol\u00e1, amigos cultos e ocultos! O Toque Musical apresenta hoje mais um \u00e1lbum relacionado ao cinema. \u00c9 a trilha sonora do filme \u201cEsse Rio que eu amo\u201d, produ\u00e7\u00e3o de 1961 dirigida por Carlos Hugo Christensen (Santiago del Estero, Argentina, 15\/12\/1914-Rio &hellip; <a href=\"https:\/\/www.toque-musicall.com\/?p=6882\">Continue lendo <span class=\"meta-nav\">&rarr;<\/span><\/a><\/p>\n","protected":false},"author":1,"featured_media":0,"comment_status":"closed","ping_status":"closed","sticky":false,"template":"","format":"standard","meta":{"footnotes":""},"categories":[3239,269,346],"tags":[3238,3023],"class_list":["post-6882","post","type-post","status-publish","format-standard","hentry","category-esse-rio-que-eu-amo","category-selo-columbia","category-trilhas","tag-selo-columbia","tag-trilhas"],"_links":{"self":[{"href":"https:\/\/www.toque-musicall.com\/index.php?rest_route=\/wp\/v2\/posts\/6882","targetHints":{"allow":["GET"]}}],"collection":[{"href":"https:\/\/www.toque-musicall.com\/index.php?rest_route=\/wp\/v2\/posts"}],"about":[{"href":"https:\/\/www.toque-musicall.com\/index.php?rest_route=\/wp\/v2\/types\/post"}],"author":[{"embeddable":true,"href":"https:\/\/www.toque-musicall.com\/index.php?rest_route=\/wp\/v2\/users\/1"}],"replies":[{"embeddable":true,"href":"https:\/\/www.toque-musicall.com\/index.php?rest_route=%2Fwp%2Fv2%2Fcomments&post=6882"}],"version-history":[{"count":1,"href":"https:\/\/www.toque-musicall.com\/index.php?rest_route=\/wp\/v2\/posts\/6882\/revisions"}],"predecessor-version":[{"id":6883,"href":"https:\/\/www.toque-musicall.com\/index.php?rest_route=\/wp\/v2\/posts\/6882\/revisions\/6883"}],"wp:attachment":[{"href":"https:\/\/www.toque-musicall.com\/index.php?rest_route=%2Fwp%2Fv2%2Fmedia&parent=6882"}],"wp:term":[{"taxonomy":"category","embeddable":true,"href":"https:\/\/www.toque-musicall.com\/index.php?rest_route=%2Fwp%2Fv2%2Fcategories&post=6882"},{"taxonomy":"post_tag","embeddable":true,"href":"https:\/\/www.toque-musicall.com\/index.php?rest_route=%2Fwp%2Fv2%2Ftags&post=6882"}],"curies":[{"name":"wp","href":"https:\/\/api.w.org\/{rel}","templated":true}]}}