{"id":6886,"date":"2019-09-07T09:38:45","date_gmt":"2019-09-07T12:38:45","guid":{"rendered":"http:\/\/www.toque-musicall.com\/?p=6886"},"modified":"2019-10-14T09:43:19","modified_gmt":"2019-10-14T12:43:19","slug":"brasil-ano-2000-1969","status":"publish","type":"post","link":"https:\/\/www.toque-musicall.com\/?p=6886","title":{"rendered":"Brasil Ano 2000 (1969)"},"content":{"rendered":"\n<figure class=\"wp-block-image\"><img decoding=\"async\" src=\"https:\/\/1.bp.blogspot.com\/-hW4o48EXLWY\/XZqcoplXVKI\/AAAAAAAAP-g\/yov3LFHbExoImqMdhx1dr0Co_R_L_alygCLcBGAsYHQ\/s640\/Anota%25C3%25A7%25C3%25A3o%2B2019-10-06%2B231115.jpg\" alt=\"\"\/><\/figure>\n\n\n\n<figure class=\"wp-block-image\"><img decoding=\"async\" src=\"https:\/\/1.bp.blogspot.com\/-l8K4LF4uWZ0\/XZqcpZG1R8I\/AAAAAAAAP-k\/qBtJSOfUSLcyiDNyUopENCFsleDb2oHOACLcBGAsYHQ\/s640\/Anota%25C3%25A7%25C3%25A3o%2B2019-10-06%2B231157.jpg\" alt=\"\"\/><\/figure>\n\n\n\n<p>Ol\u00e1, amigos cultos e ocultos! O Toque Musical oferece a voc\u00eas mais uma trilha sonora relacionada ao cinema. Desta vez, o filme \u00e9 \u201cBrasil ano 2000\u201d, produ\u00e7\u00e3o de 1969 dirigida por Walter Lima Jr., e uma competente incurs\u00e3o do cinema brasileiro na fic\u00e7\u00e3o-cient\u00edfica, com toques de com\u00e9dia, mesmo em tempos de ditadura militar. Na trama, em um Brasil parcialmente devastado pela Terceira Guerra Mundial, uma fam\u00edlia de imigrantes chega a uma pequena cidade, a qual d\u00e3o o nome de Me Esqueci. O trio \u00e9 recrutado por um indigenista para fingir-se de \u00edndios durante a visita de um general. No dilema entre integrar-se ao sistema ou preservar a liberdade individual, a fam\u00edlia caminha para a desagrega\u00e7\u00e3o enquanto a cidade se prepara para o lan\u00e7amento de um foguete espacial. No elenco, Anecy Rocha, \u00canio Gon\u00e7alves (que tamb\u00e9m participa da trilha sonora como cantor), H\u00e9lio Fernando, Iracema de Alencar, Ziembinski, Raul Cortez e Manfredo Colasanti. As filmagens aconteceram principalmente na cidade de Paraty, onde a equipe permaneceu por aproximadamente tr\u00eas meses. Algumas cenas foram filmadas no Rio de Janeiro, inclusive no Museu Nacional (esse mesmo que um inc\u00eandio destruiu em 2018) e no Arquivo Nacional. \u201cBrasil ano 2000\u201d ganhou o Urso de Prata no Festival de Berlim, tendo ainda recebido o pr\u00eamio de melhor filme no Festival de Cartagena, em 1970, e o pr\u00eamio de melhor diretor no Festival de Manaus. A m\u00fasica \u00e9 assinada por dois \u00edcones do Tropicalismo, Gilberto Gil e Rog\u00e9rio Duprat, com direito at\u00e9 a uma can\u00e7\u00e3o adicional pelo n\u00e3o menos tropicalista Caetano Veloso. A can\u00e7\u00e3o \u00e9 \u201cN\u00e3o identificado\u201d, na voz de outra tropicalista, Gal Costa, que encerra este disco e foi grande sucesso na \u00e9poca. Em suma, um filme e uma trilha tropicalistas por excel\u00eancia. Gal ainda canta \u201cCan\u00e7\u00e3o da mo\u00e7a\u201d, \u201cHomem de Neandertal\u201d (com Breno Ferreira) e \u201cShow de Me Esqueci\u201d (com Breno e \u00canio Gon\u00e7alves). Tudo isso faz deste \u00e1lbum mais um digno merecedor de nossa postagem aqui no TM. \u00c9 ir ao GTM e conferir!<\/p>\n\n\n\n<h2 class=\"wp-block-heading\"><\/h2>\n\n\n\n<p style=\"text-align:center\">introdu\u00e7\u00e3o<\/p>\n\n\n\n<p style=\"text-align:center\">can\u00e7\u00e3o da mo\u00e7a<\/p>\n\n\n\n<p style=\"text-align:center\">a fam\u00edlia no caminh\u00e3o<\/p>\n\n\n\n<p style=\"text-align:center\">a transforma\u00e7\u00e3o do \u00edndio<\/p>\n\n\n\n<p style=\"text-align:center\">homem de neandertal<\/p>\n\n\n\n<p style=\"text-align:center\">\u00eaxtase<\/p>\n\n\n\n<p style=\"text-align:center\">retreta<\/p>\n\n\n\n<p style=\"text-align:center\">casamento e sedu\u00e7\u00e3o<\/p>\n\n\n\n<p style=\"text-align:center\">cena de amor na praia<\/p>\n\n\n\n<p style=\"text-align:center\">fuga<\/p>\n\n\n\n<p style=\"text-align:center\">orgia subterr\u00e2nea<\/p>\n\n\n\n<p style=\"text-align:center\">flechas no alvo<\/p>\n\n\n\n<p style=\"text-align:center\">show me esqueci<\/p>\n\n\n\n<p style=\"text-align:center\">cora\u00e7\u00e3o<\/p>\n\n\n\n<p style=\"text-align:center\">an\u00fancio de luta<\/p>\n\n\n\n<p style=\"text-align:center\">duelo de garfo e faca<\/p>\n\n\n\n<p style=\"text-align:center\">rel\u00f3gio do tempo<\/p>\n\n\n\n<p style=\"text-align:center\">no quartel<\/p>\n\n\n\n<p style=\"text-align:center\">escolha da liberdade<\/p>\n\n\n\n<p style=\"text-align:center\">n\u00e3o identificado<\/p>\n\n\n\n<p><\/p>\n\n\n\n<p>*Texto de Samuel Machado Filho\n\n<\/p>\n\n\n\n<p><\/p>\n","protected":false},"excerpt":{"rendered":"<p>Ol\u00e1, amigos cultos e ocultos! O Toque Musical oferece a voc\u00eas mais uma trilha sonora relacionada ao cinema. Desta vez, o filme \u00e9 \u201cBrasil ano 2000\u201d, produ\u00e7\u00e3o de 1969 dirigida por Walter Lima Jr., e uma competente incurs\u00e3o do cinema &hellip; <a href=\"https:\/\/www.toque-musicall.com\/?p=6886\">Continue lendo <span class=\"meta-nav\">&rarr;<\/span><\/a><\/p>\n","protected":false},"author":1,"featured_media":0,"comment_status":"closed","ping_status":"closed","sticky":false,"template":"","format":"standard","meta":{"footnotes":""},"categories":[1],"tags":[3023],"class_list":["post-6886","post","type-post","status-publish","format-standard","hentry","category-sem-categoria","tag-trilhas"],"_links":{"self":[{"href":"https:\/\/www.toque-musicall.com\/index.php?rest_route=\/wp\/v2\/posts\/6886","targetHints":{"allow":["GET"]}}],"collection":[{"href":"https:\/\/www.toque-musicall.com\/index.php?rest_route=\/wp\/v2\/posts"}],"about":[{"href":"https:\/\/www.toque-musicall.com\/index.php?rest_route=\/wp\/v2\/types\/post"}],"author":[{"embeddable":true,"href":"https:\/\/www.toque-musicall.com\/index.php?rest_route=\/wp\/v2\/users\/1"}],"replies":[{"embeddable":true,"href":"https:\/\/www.toque-musicall.com\/index.php?rest_route=%2Fwp%2Fv2%2Fcomments&post=6886"}],"version-history":[{"count":3,"href":"https:\/\/www.toque-musicall.com\/index.php?rest_route=\/wp\/v2\/posts\/6886\/revisions"}],"predecessor-version":[{"id":6889,"href":"https:\/\/www.toque-musicall.com\/index.php?rest_route=\/wp\/v2\/posts\/6886\/revisions\/6889"}],"wp:attachment":[{"href":"https:\/\/www.toque-musicall.com\/index.php?rest_route=%2Fwp%2Fv2%2Fmedia&parent=6886"}],"wp:term":[{"taxonomy":"category","embeddable":true,"href":"https:\/\/www.toque-musicall.com\/index.php?rest_route=%2Fwp%2Fv2%2Fcategories&post=6886"},{"taxonomy":"post_tag","embeddable":true,"href":"https:\/\/www.toque-musicall.com\/index.php?rest_route=%2Fwp%2Fv2%2Ftags&post=6886"}],"curies":[{"name":"wp","href":"https:\/\/api.w.org\/{rel}","templated":true}]}}