{"id":689,"date":"2010-10-05T10:02:00","date_gmt":"2010-10-05T10:02:00","guid":{"rendered":"http:\/\/www.toque-musicall.com\/?p=689"},"modified":"2010-10-05T10:02:00","modified_gmt":"2010-10-05T10:02:00","slug":"laila-curi-laila-a-noite-e-a-musica-1958","status":"publish","type":"post","link":"https:\/\/www.toque-musicall.com\/?p=689","title":{"rendered":"Laila Curi &#8211; Laila, A Noite E A M\u00fasica (1958)"},"content":{"rendered":"<p><a href=\"http:\/\/3.bp.blogspot.com\/_DSKVEvHtskc\/TKr6SNba88I\/AAAAAAAAHHs\/99lZbjHI7pA\/s1600\/laila+curi+P.JPG\"><img decoding=\"async\" style=\"TEXT-ALIGN: center; MARGIN: 0px auto 10px; WIDTH: 400px; DISPLAY: block; HEIGHT: 397px; CURSOR: hand\" id=\"BLOGGER_PHOTO_ID_5524503083672597442\" border=\"0\" alt=\"\" src=\"http:\/\/3.bp.blogspot.com\/_DSKVEvHtskc\/TKr6SNba88I\/AAAAAAAAHHs\/99lZbjHI7pA\/s400\/laila+curi+P.JPG\" \/><\/a> Bom dia, amigos cultos e ocultos. Hoje eu estou trazendo uma cantora que talvez, poucos ir\u00e3o se lembrar, Laila Curi. Esta cantora de origem libanesa, surgiu em S\u00e3o Paulo nos anos 50, fez parte do &#8216;cast&#8217; da RGE em sua fase de ouro. Gravou inicialmente dois discos de 78 rpm com temas folcl\u00f3ricos nacionais e tamb\u00e9m \u00e1rabes. A singularidade ao cantar m\u00fasicas libanesas e tamb\u00e9m em ingl\u00eas, lhe garantiram um relativo sucesso e aten\u00e7\u00e3o por parte dos meios de comunica\u00e7\u00e3o da \u00e9poca. Laila foi vista e ouvida tamb\u00e9m no r\u00e1dio e televis\u00e3o, principalmente na capital paulista. Sei que ela gravou outros discos, compactos e lps.<br \/>Neste lp, que foi o primeiro, temos um repert\u00f3rio curioso, mesclando toadas, beguine, samba can\u00e7\u00e3o, m\u00fasica \u00e1rabe e at\u00e9 uma esp\u00e9cie de rock liban\u00eas. Como destaque temos a m\u00fasica &#8220;Minha V\u00e9ia&#8221; tema popular recolhido pela cantora e &#8220;Passado, Presente e Futuro&#8221;, samba can\u00e7\u00e3o de Billy Blanco. As orquestra\u00e7\u00f5es e arranjos s\u00e3o dos Maestros Simonetti e Rubens Perez &#8220;Pocho&#8221;.<br \/>Infelizmente eu estou meio sem tempo. Da\u00ed n\u00e3o tive como pesquisar sobre a sua discografia e trajet\u00f3ria art\u00edstica. Mas sei que n\u00e3o \u00e9 dif\u00edcil obter informa\u00e7\u00f5es. Deixo a postagem em aberto para para os f\u00e3s, amigos e parentes. Quem quiser complementar a postagem, fique a vontade. A se\u00e7\u00e3o de coment\u00e1rios foi feita tamb\u00e9m para isso \ud83d\ude09<\/p>\n<div align=\"center\">ondas do mar <\/div>\n<div align=\"center\">minha v\u00e9ia<\/div>\n<div align=\"center\">ya habibe<\/div>\n<div align=\"center\">al\u00e9m<\/div>\n<div align=\"center\">se ele vier<\/div>\n<div align=\"center\">mamim<\/div>\n<div align=\"center\">era bom<\/div>\n<div align=\"center\">daddy lolo<\/div>\n<div align=\"center\">souvenir<\/div>\n<div align=\"center\">sodade v\u00e9ia<\/div>\n<div align=\"center\">quando a saudade vem chegando<\/div>\n<div align=\"center\">passado presente e futuro<\/div>\n<div align=\"center\"> <\/div>\n<div align=\"center\"> <\/div>\n","protected":false},"excerpt":{"rendered":"<p>Bom dia, amigos cultos e ocultos. Hoje eu estou trazendo uma cantora que talvez, poucos ir\u00e3o se lembrar, Laila Curi. Esta cantora de origem libanesa, surgiu em S\u00e3o Paulo nos anos 50, fez parte do &#8216;cast&#8217; da RGE em sua &hellip; <a href=\"https:\/\/www.toque-musicall.com\/?p=689\">Continue lendo <span class=\"meta-nav\">&rarr;<\/span><\/a><\/p>\n","protected":false},"author":1,"featured_media":0,"comment_status":"open","ping_status":"closed","sticky":false,"template":"","format":"standard","meta":{"footnotes":""},"categories":[994],"tags":[],"class_list":["post-689","post","type-post","status-publish","format-standard","hentry","category-laila-curi"],"_links":{"self":[{"href":"https:\/\/www.toque-musicall.com\/index.php?rest_route=\/wp\/v2\/posts\/689","targetHints":{"allow":["GET"]}}],"collection":[{"href":"https:\/\/www.toque-musicall.com\/index.php?rest_route=\/wp\/v2\/posts"}],"about":[{"href":"https:\/\/www.toque-musicall.com\/index.php?rest_route=\/wp\/v2\/types\/post"}],"author":[{"embeddable":true,"href":"https:\/\/www.toque-musicall.com\/index.php?rest_route=\/wp\/v2\/users\/1"}],"replies":[{"embeddable":true,"href":"https:\/\/www.toque-musicall.com\/index.php?rest_route=%2Fwp%2Fv2%2Fcomments&post=689"}],"version-history":[{"count":0,"href":"https:\/\/www.toque-musicall.com\/index.php?rest_route=\/wp\/v2\/posts\/689\/revisions"}],"wp:attachment":[{"href":"https:\/\/www.toque-musicall.com\/index.php?rest_route=%2Fwp%2Fv2%2Fmedia&parent=689"}],"wp:term":[{"taxonomy":"category","embeddable":true,"href":"https:\/\/www.toque-musicall.com\/index.php?rest_route=%2Fwp%2Fv2%2Fcategories&post=689"},{"taxonomy":"post_tag","embeddable":true,"href":"https:\/\/www.toque-musicall.com\/index.php?rest_route=%2Fwp%2Fv2%2Ftags&post=689"}],"curies":[{"name":"wp","href":"https:\/\/api.w.org\/{rel}","templated":true}]}}