{"id":6898,"date":"2019-09-11T23:49:06","date_gmt":"2019-09-12T02:49:06","guid":{"rendered":"http:\/\/www.toque-musicall.com\/?p=6898"},"modified":"2019-11-05T23:51:59","modified_gmt":"2019-11-06T02:51:59","slug":"o-assalto-ao-trem-pagador-1962","status":"publish","type":"post","link":"https:\/\/www.toque-musicall.com\/?p=6898","title":{"rendered":"O Assalto Ao Trem Pagador (1962)"},"content":{"rendered":"\n<figure class=\"wp-block-image\"><img decoding=\"async\" src=\"https:\/\/1.bp.blogspot.com\/-PQu5Sc-iWFM\/XZqgtu5SLlI\/AAAAAAAAP_M\/g1GXRfG6LnoZv70QnwBi6lHc9ecjNj13wCLcBGAsYHQ\/s640\/Anota%25C3%25A7%25C3%25A3o%2B2019-10-06%2B232723.jpg\" alt=\"\"\/><\/figure>\n\n\n\n<figure class=\"wp-block-image\"><img decoding=\"async\" src=\"https:\/\/1.bp.blogspot.com\/-VJ2D9dRShK4\/XZqgvuaL_yI\/AAAAAAAAP_Q\/cX1IxjSDUacr2OkWWWiVHvaIUTioKJdRgCLcBGAsYHQ\/s640\/Anota%25C3%25A7%25C3%25A3o%2B2019-10-06%2B232837.jpg\" alt=\"\"\/><\/figure>\n\n\n<p>Ol\u00e1, amigu\u00edssimos cultos e ocultos! Aqui mais uma trilha de um dos filmes marcantes do cinema nacional, &#8220;Assalto Ao Trem Pagador&#8221;, de Roberto Farias. A trilha sonora \u00e9 do maestro Antonio Remo Usai, um dos mais importantes compositores de trilhas, tendo em seu curr\u00edculo outros grandes filmes como Mandacaru Vermelho (1960) e Boca de Ouro (1962), de Nelson Pereira dos Santos; A Grande Feira (1961) e Tocaia no Asfalto (1962), de Roberto Pires; O Caso Claudia (1979), de Miguel Borges e muitos outros. Aqui no Toque Musical j\u00e1 postamos outra de suas trilhas, a do filme\u00a0 7 Homes Vivos ou Mortos (1968), editado pela Musidisc. Em Assalto ao Trem Pagador, a produ\u00e7\u00e3o \u00e9 do selo San Remo, do pr\u00f3prio autor. Confiram mais essa p\u00e9rola, que embora n\u00e3o seja novidade, agora faz parte das nossas publica\u00e7\u00f5es. \ud83d\ude09<\/p>\n<div style=\"text-align: center;\">o trem pagador<\/div>\n<div style=\"text-align: center;\">morre uma crian\u00e7a na favela<\/div>\n<div style=\"text-align: center;\">assaltantes em fuga<\/div>\n<div style=\"text-align: center;\">tenta\u00e7\u00e3o<\/div>\n<div style=\"text-align: center;\">o fim<\/div>","protected":false},"excerpt":{"rendered":"<p>Ol\u00e1, amigu\u00edssimos cultos e ocultos! Aqui mais uma trilha de um dos filmes marcantes do cinema nacional, &#8220;Assalto Ao Trem Pagador&#8221;, de Roberto Farias. A trilha sonora \u00e9 do maestro Antonio Remo Usai, um dos mais importantes compositores de trilhas, &hellip; <a href=\"https:\/\/www.toque-musicall.com\/?p=6898\">Continue lendo <span class=\"meta-nav\">&rarr;<\/span><\/a><\/p>\n","protected":false},"author":1,"featured_media":0,"comment_status":"closed","ping_status":"closed","sticky":false,"template":"","format":"standard","meta":{"footnotes":""},"categories":[1],"tags":[3253,3252,3023],"class_list":["post-6898","post","type-post","status-publish","format-standard","hentry","category-sem-categoria","tag-assalto-ao-trem-pagador","tag-remo-usai","tag-trilhas"],"_links":{"self":[{"href":"https:\/\/www.toque-musicall.com\/index.php?rest_route=\/wp\/v2\/posts\/6898","targetHints":{"allow":["GET"]}}],"collection":[{"href":"https:\/\/www.toque-musicall.com\/index.php?rest_route=\/wp\/v2\/posts"}],"about":[{"href":"https:\/\/www.toque-musicall.com\/index.php?rest_route=\/wp\/v2\/types\/post"}],"author":[{"embeddable":true,"href":"https:\/\/www.toque-musicall.com\/index.php?rest_route=\/wp\/v2\/users\/1"}],"replies":[{"embeddable":true,"href":"https:\/\/www.toque-musicall.com\/index.php?rest_route=%2Fwp%2Fv2%2Fcomments&post=6898"}],"version-history":[{"count":1,"href":"https:\/\/www.toque-musicall.com\/index.php?rest_route=\/wp\/v2\/posts\/6898\/revisions"}],"predecessor-version":[{"id":6899,"href":"https:\/\/www.toque-musicall.com\/index.php?rest_route=\/wp\/v2\/posts\/6898\/revisions\/6899"}],"wp:attachment":[{"href":"https:\/\/www.toque-musicall.com\/index.php?rest_route=%2Fwp%2Fv2%2Fmedia&parent=6898"}],"wp:term":[{"taxonomy":"category","embeddable":true,"href":"https:\/\/www.toque-musicall.com\/index.php?rest_route=%2Fwp%2Fv2%2Fcategories&post=6898"},{"taxonomy":"post_tag","embeddable":true,"href":"https:\/\/www.toque-musicall.com\/index.php?rest_route=%2Fwp%2Fv2%2Ftags&post=6898"}],"curies":[{"name":"wp","href":"https:\/\/api.w.org\/{rel}","templated":true}]}}