{"id":69,"date":"2012-05-09T22:44:00","date_gmt":"2012-05-09T22:44:00","guid":{"rendered":"http:\/\/www.toque-musicall.com\/?p=69"},"modified":"2012-05-09T22:44:00","modified_gmt":"2012-05-09T22:44:00","slug":"vi-festival-internacional-da-cancao-popular-parte-nacional-as-favoritas-1971","status":"publish","type":"post","link":"https:\/\/www.toque-musicall.com\/?p=69","title":{"rendered":"VI Festival Internacional Da Can\u00e7\u00e3o Popular &#8211; Parte Nacional &#8211; As Favoritas (1971)"},"content":{"rendered":"<p><\/p>\n<div style=\"clear: both; text-align: center;\"><a href=\"http:\/\/1.bp.blogspot.com\/-O7j0rcwuOdY\/T6rzYozWp1I\/AAAAAAAACCI\/twYfAQ3ubI8\/s1600\/capa+P.JPG\" style=\"margin-left: 1em; margin-right: 1em;\"><img loading=\"lazy\" decoding=\"async\" border=\"0\" height=\"400\" src=\"http:\/\/1.bp.blogspot.com\/-O7j0rcwuOdY\/T6rzYozWp1I\/AAAAAAAACCI\/twYfAQ3ubI8\/s400\/capa+P.JPG\" width=\"395\" \/><\/a><\/div>\n<div style=\"clear: both; text-align: center;\"><a href=\"http:\/\/1.bp.blogspot.com\/-RaEau6yFvVs\/T6rzUC70QnI\/AAAAAAAACCA\/CGYQZC2ywes\/s1600\/contracapa+p.JPG\" style=\"margin-left: 1em; margin-right: 1em;\"><img loading=\"lazy\" decoding=\"async\" border=\"0\" height=\"400\" src=\"http:\/\/1.bp.blogspot.com\/-RaEau6yFvVs\/T6rzUC70QnI\/AAAAAAAACCA\/CGYQZC2ywes\/s400\/contracapa+p.JPG\" width=\"397\" \/><\/a><\/div>\n<div style=\"margin-bottom: 0px; margin-left: 0px; margin-right: 0px; margin-top: 0px;\">Boa noite, amigos cultos, ocultos e associados de plant\u00e3o! Aqui vamos n\u00f3s com mais um albinho da melhor qualidade. Uma sele\u00e7\u00e3o musical para quem gosta e se lembra dos grandes festivais de m\u00fasica popular. Aqui temos reunidas algumas das m\u00fasicas favoritas do p\u00fablico (segundo a Rede Globo), no VI Festival Internacional da Can\u00e7\u00e3o Popular, realizado em 1971, pela Secretaria Municipal do ent\u00e3o estado da Guanabara. Era um per\u00edodo onde a ditadura militar corria solta e nossos artistas passavam maus bocados, sendo sempre &#8216;tosados&#8217; em suas cria\u00e7\u00f5es. Foi tamb\u00e9m um momento onde grandes nomes da MPB estavam de volta.\u00a0O cantor e compositor Gutemberg Guarabyra era o diretor musical do festival e sugeriu um plano para minar de vez os abusos da Censura. Convidou grandes artistas, como Chico Buarque, S\u00e9rgio Ricardo, Tom Jobim, Edu Lobo, Vin\u00edcius e outros para participarem como &#8216;convidados&#8221;, uma esp\u00e9cie de &#8216;hors concours&#8217; . Mas a ideia era bem outra, na verdade nenhum desses artistas iram se apresentar, o neg\u00f3cio era fazer protesto em forma de desist\u00eancia na \u00faltima hora, colocando em sinuca o Governo Militar, frente aos olhos do mundo. Mesmo sem a participa\u00e7\u00e3o desse time de estrelas, o VI Festival teve l\u00e1 sua gl\u00f3rias. Foi nessa edi\u00e7\u00e3o que nasceram m\u00fasicas como &#8220;Desacato&#8221;, de Ant\u00f4nio Carlos e Jocafi, defendida por Claudia; &#8220;Voc\u00ea n\u00e3o t\u00e1 com nada&#8221;, de Silvio Cesar, com Marlene; &#8220;Casa no campo&#8221;, de Z\u00e9 Rodrix e Tavito e outras que voc\u00eas podem conferir neste lp. Quem faturou o primeiro lugar foi o Trio Ternura, interpretando &#8220;Kiry\u00ea&#8221;, de Paulinho Soares e Marcelo Silva. Se eu n\u00e3o tiver enganado, muitas dessas m\u00fasicas aparecem aqui, em suas vers\u00f5es \u00a0prim\u00e1rias, exclusivamente lan\u00e7adas neste \u00e1lbum da Som Livre. Quer conferir? Ent\u00e3o pe\u00e7a que eu mando l\u00e1 para o GTM. Como eu j\u00e1 havia dito, os &#8216;toques&#8217; s\u00f3 chegam por e-mail se algu\u00e9m no grupo pedir \ud83d\ude09<\/div>\n<div style=\"margin-bottom: 0px; margin-left: 0px; margin-right: 0px; margin-top: 0px;\"><\/div>\n<div style=\"text-align: center;\">\n<div style=\"margin-bottom: 0px; margin-left: 0px; margin-right: 0px; margin-top: 0px;\">lourinha &#8211; marilia p\u00eara<\/div>\n<\/div>\n<div style=\"text-align: center;\">\n<div style=\"margin-bottom: 0px; margin-left: 0px; margin-right: 0px; margin-top: 0px;\">am\u00e9rica do sol &#8211; lucinha e osmar milito<\/div>\n<\/div>\n<div style=\"text-align: center;\">\n<div style=\"margin-bottom: 0px; margin-left: 0px; margin-right: 0px; margin-top: 0px;\">kyrie &#8211; trio ternura<\/div>\n<\/div>\n<div style=\"text-align: center;\">\n<div style=\"margin-bottom: 0px; margin-left: 0px; margin-right: 0px; margin-top: 0px;\">desacato &#8211; claudia<\/div>\n<\/div>\n<div style=\"text-align: center;\">\n<div style=\"margin-bottom: 0px; margin-left: 0px; margin-right: 0px; margin-top: 0px;\">julia &#8211; odylon<\/div>\n<\/div>\n<div style=\"text-align: center;\">\n<div style=\"margin-bottom: 0px; margin-left: 0px; margin-right: 0px; margin-top: 0px;\">\u00e9 proibido pisar na grama &#8211; betinho<\/div>\n<\/div>\n<div style=\"text-align: center;\">\n<div style=\"margin-bottom: 0px; margin-left: 0px; margin-right: 0px; margin-top: 0px;\">voc\u00ea n\u00e3o t\u00e1 com nada &#8211; marlene<\/div>\n<\/div>\n<div style=\"text-align: center;\">\n<div style=\"margin-bottom: 0px; margin-left: 0px; margin-right: 0px; margin-top: 0px;\">voltar eu n\u00e3o &#8211; golden boys<\/div>\n<\/div>\n<div style=\"text-align: center;\">\n<div style=\"margin-bottom: 0px; margin-left: 0px; margin-right: 0px; margin-top: 0px;\">m\u00eado &#8211; jacks wu<\/div>\n<\/div>\n<div style=\"text-align: center;\">\n<div style=\"margin-bottom: 0px; margin-left: 0px; margin-right: 0px; margin-top: 0px;\">can\u00e7\u00e3o pr\u00e1 jana\u00edna<\/div>\n<\/div>\n<div style=\"text-align: center;\">\n<div style=\"margin-bottom: 0px; margin-left: 0px; margin-right: 0px; margin-top: 0px;\">palavras perdidas &#8211; maysa<\/div>\n<\/div>\n<div style=\"text-align: center;\">\n<div style=\"margin-bottom: 0px; margin-left: 0px; margin-right: 0px; margin-top: 0px;\">casa no campo &#8211; z\u00e9 rodrix<\/div>\n<\/div>\n<div style=\"text-align: center;\">\n<div style=\"margin-bottom: 0px; margin-left: 0px; margin-right: 0px; margin-top: 0px;\"><\/div>\n<\/div>\n<div style=\"text-align: center;\"><\/div>\n","protected":false},"excerpt":{"rendered":"<p>Boa noite, amigos cultos, ocultos e associados de plant\u00e3o! Aqui vamos n\u00f3s com mais um albinho da melhor qualidade. Uma sele\u00e7\u00e3o musical para quem gosta e se lembra dos grandes festivais de m\u00fasica popular. Aqui temos reunidas algumas das m\u00fasicas &hellip; <a href=\"https:\/\/www.toque-musicall.com\/?p=69\">Continue lendo <span class=\"meta-nav\">&rarr;<\/span><\/a><\/p>\n","protected":false},"author":1,"featured_media":0,"comment_status":"open","ping_status":"closed","sticky":false,"template":"","format":"standard","meta":{"footnotes":""},"categories":[108,107,106,102,109,103,105,66,104,110,111],"tags":[],"class_list":["post-69","post","type-post","status-publish","format-standard","hentry","category-claudia","category-golden-boys","category-jacks-wu","category-joao-so","category-marilia-pera","category-marlene","category-osmar-milito","category-selo-som-livre","category-trio-ternura","category-vi-festival-internacional-da-cancao-popular","category-ze-rodrix"],"_links":{"self":[{"href":"https:\/\/www.toque-musicall.com\/index.php?rest_route=\/wp\/v2\/posts\/69","targetHints":{"allow":["GET"]}}],"collection":[{"href":"https:\/\/www.toque-musicall.com\/index.php?rest_route=\/wp\/v2\/posts"}],"about":[{"href":"https:\/\/www.toque-musicall.com\/index.php?rest_route=\/wp\/v2\/types\/post"}],"author":[{"embeddable":true,"href":"https:\/\/www.toque-musicall.com\/index.php?rest_route=\/wp\/v2\/users\/1"}],"replies":[{"embeddable":true,"href":"https:\/\/www.toque-musicall.com\/index.php?rest_route=%2Fwp%2Fv2%2Fcomments&post=69"}],"version-history":[{"count":0,"href":"https:\/\/www.toque-musicall.com\/index.php?rest_route=\/wp\/v2\/posts\/69\/revisions"}],"wp:attachment":[{"href":"https:\/\/www.toque-musicall.com\/index.php?rest_route=%2Fwp%2Fv2%2Fmedia&parent=69"}],"wp:term":[{"taxonomy":"category","embeddable":true,"href":"https:\/\/www.toque-musicall.com\/index.php?rest_route=%2Fwp%2Fv2%2Fcategories&post=69"},{"taxonomy":"post_tag","embeddable":true,"href":"https:\/\/www.toque-musicall.com\/index.php?rest_route=%2Fwp%2Fv2%2Ftags&post=69"}],"curies":[{"name":"wp","href":"https:\/\/api.w.org\/{rel}","templated":true}]}}