{"id":690,"date":"2010-10-04T23:37:00","date_gmt":"2010-10-04T23:37:00","guid":{"rendered":"http:\/\/www.toque-musicall.com\/?p=690"},"modified":"2010-10-04T23:37:00","modified_gmt":"2010-10-04T23:37:00","slug":"dom-salvador-compacto-1970","status":"publish","type":"post","link":"https:\/\/www.toque-musicall.com\/?p=690","title":{"rendered":"Dom Salvador &#8211; Compacto (1970)"},"content":{"rendered":"<p><a href=\"http:\/\/1.bp.blogspot.com\/_DSKVEvHtskc\/TKpl_TT3o6I\/AAAAAAAAHHg\/2FsPP_D4su8\/s1600\/Dom+Salvador+P.JPG\"><img decoding=\"async\" style=\"TEXT-ALIGN: center; MARGIN: 0px auto 10px; WIDTH: 400px; DISPLAY: block; HEIGHT: 398px; CURSOR: hand\" id=\"BLOGGER_PHOTO_ID_5524340031113110434\" border=\"0\" alt=\"\" src=\"http:\/\/1.bp.blogspot.com\/_DSKVEvHtskc\/TKpl_TT3o6I\/AAAAAAAAHHg\/2FsPP_D4su8\/s400\/Dom+Salvador+P.JPG\" \/><\/a> Aqui vai o meu boa noite&#8230; um compactozinho da hora, raridade total. Temos aqui Dom Salvador e sua turma neste compacto lan\u00e7ado pela CBS, ap\u00f3s eles se classificarem no V Festival Internacional da Can\u00e7\u00e3o Popular&#8221;, em 1970. No ano seguinte Dom Salvador lan\u00e7aria o \u00e1lbum &#8220;Som, Sangue e Ra\u00e7a&#8221;, mas as duas m\u00fasicas desse compacto n\u00e3o foram inclu\u00eddas no lp. Em outras palavras,  as m\u00fasicas &#8220;Juazeiro&#8221;, de Humberto Teixeira e Luiz Gonzaga e &#8220;Aboli\u00e7\u00e3o 1860-1980&#8221;, de Salvador e Arnoldo Medeiros s\u00f3 sa\u00edram neste compacto.<br \/><em>*No dia 15 de outubro, a primeira eliminat\u00f3ria do V FIC teve in\u00edcio, sendo transmitida  em cores para Estados Unidos e Europa. Al\u00e9m do j\u00fari oficial, presidido por Paulinho da Viola, foi criado um j\u00fari popular, com vota\u00e7\u00e3o independente, sob o comando de Chacrinha. Os dois primeiros a  apresentar foram Maria e Lu\u00eds Ant\u00f4nio, \u00e0 frente de um grupo com seis m\u00fasicos negros, todos vestidos com batas africanas coloridas, para interpretar \u201cAboli\u00e7\u00e3o 1860-1980\u201d (Dom Salvador e Arnoldo Medeiros). Muito aplaudida, a apresenta\u00e7\u00e3o deu a pista do que seria a t\u00f4nica do festival em 1970: a soul music.<\/em> <a href=\"http:\/\/www.candangocantador.com.br\/festivais1970.php\">(leia mais)<\/a><\/p>\n<div align=\"center\">aboli\u00e7\u00e3o 1860-1980<\/div>\n<div align=\"center\">juazeiro<\/div>\n<div align=\"center\"> <\/div>\n<div align=\"left\"><span style=\"font-size:78%;\">*<\/span><a href=\"http:\/\/www.candangocantador.com.br\/festivais1970.php\"><span style=\"font-size:78%;\">http:\/\/www.candangocantador.com.br<\/span><\/a><\/div>\n","protected":false},"excerpt":{"rendered":"<p>Aqui vai o meu boa noite&#8230; um compactozinho da hora, raridade total. Temos aqui Dom Salvador e sua turma neste compacto lan\u00e7ado pela CBS, ap\u00f3s eles se classificarem no V Festival Internacional da Can\u00e7\u00e3o Popular&#8221;, em 1970. No ano seguinte &hellip; <a href=\"https:\/\/www.toque-musicall.com\/?p=690\">Continue lendo <span class=\"meta-nav\">&rarr;<\/span><\/a><\/p>\n","protected":false},"author":1,"featured_media":0,"comment_status":"open","ping_status":"closed","sticky":false,"template":"","format":"standard","meta":{"footnotes":""},"categories":[995],"tags":[],"class_list":["post-690","post","type-post","status-publish","format-standard","hentry","category-dom-salvador"],"_links":{"self":[{"href":"https:\/\/www.toque-musicall.com\/index.php?rest_route=\/wp\/v2\/posts\/690","targetHints":{"allow":["GET"]}}],"collection":[{"href":"https:\/\/www.toque-musicall.com\/index.php?rest_route=\/wp\/v2\/posts"}],"about":[{"href":"https:\/\/www.toque-musicall.com\/index.php?rest_route=\/wp\/v2\/types\/post"}],"author":[{"embeddable":true,"href":"https:\/\/www.toque-musicall.com\/index.php?rest_route=\/wp\/v2\/users\/1"}],"replies":[{"embeddable":true,"href":"https:\/\/www.toque-musicall.com\/index.php?rest_route=%2Fwp%2Fv2%2Fcomments&post=690"}],"version-history":[{"count":0,"href":"https:\/\/www.toque-musicall.com\/index.php?rest_route=\/wp\/v2\/posts\/690\/revisions"}],"wp:attachment":[{"href":"https:\/\/www.toque-musicall.com\/index.php?rest_route=%2Fwp%2Fv2%2Fmedia&parent=690"}],"wp:term":[{"taxonomy":"category","embeddable":true,"href":"https:\/\/www.toque-musicall.com\/index.php?rest_route=%2Fwp%2Fv2%2Fcategories&post=690"},{"taxonomy":"post_tag","embeddable":true,"href":"https:\/\/www.toque-musicall.com\/index.php?rest_route=%2Fwp%2Fv2%2Ftags&post=690"}],"curies":[{"name":"wp","href":"https:\/\/api.w.org\/{rel}","templated":true}]}}