{"id":6903,"date":"2019-09-25T19:00:23","date_gmt":"2019-09-25T22:00:23","guid":{"rendered":"http:\/\/www.toque-musicall.com\/?p=6903"},"modified":"2019-11-07T19:03:35","modified_gmt":"2019-11-07T22:03:35","slug":"celinho-o-rapaz-do-piston-1966","status":"publish","type":"post","link":"https:\/\/www.toque-musicall.com\/?p=6903","title":{"rendered":"Celinho &#8211; O Rapaz Do Piston (1966)"},"content":{"rendered":"\n<figure class=\"wp-block-image\"><img decoding=\"async\" src=\"https:\/\/1.bp.blogspot.com\/-WiylTcOEyCk\/XcNYNC156gI\/AAAAAAAAQAk\/b-4qs_w4YPMpZA79dqZDmNxBwW0yCOpvgCLcBGAsYHQ\/s640\/Anota%25C3%25A7%25C3%25A3o%2B2019-10-06%2B092831.jpg\" alt=\"\"\/><\/figure>\n\n\n\n<figure class=\"wp-block-image\"><img decoding=\"async\" src=\"https:\/\/1.bp.blogspot.com\/-FxUHwLwiysc\/XcNYNi78diI\/AAAAAAAAQAo\/82Ds9v-UuF8yQgFcjbbN62kxD-OE91nZACLcBGAsYHQ\/s640\/Anota%25C3%25A7%25C3%25A3o%2B2019-10-06%2B092905.jpg\" alt=\"\"\/><\/figure>\n\n\n<p>Ol\u00e1 amigu\u00edssimos cultos e ocultos! E aqui vamos n\u00f3s, hoje trazendo um disco que h\u00e1 muito estava para ser postado. Infelizmente, o arquivo do disco o qual eu havia digitalizado se perdeu entre muitos\u00a0 outros tempos atr\u00e1s. Mas, por sorte, tinha esse outro vindo de alguma outra fonte blogueira. Na falta do meu, vai no seu, hehehe&#8230;<br \/>Temos aqui o primeiro e talvez \u00fanico disco desse incr\u00edvel instrumentista mineiro, conhecido nas rodas como &#8216;Celinho do Piston&#8217;. Artista de grande talento, teve um curr\u00edculo exemplar como m\u00fasico, tatuando em muitos discos dos mais diferentes artistas nacionais. Sua carreira remonta os tempos do Conjunto Sambacana, de Pac\u00edfico Mascarenhas e no qual tamb\u00e9m tocavam Milton Nascimento e Wagner Tiso. Como muitos outros m\u00fasicos mineiros, fez sua carreira no eixo Rio-S\u00e3o Paulo. H\u00e1 muito pouca informa\u00e7\u00e3o sobre ele na rede, o que dificulta a nossa pequena pesquisa. Mas sem d\u00favida, foi um grande artista e merece aqui o nosso registro. &#8220;O Rapaz do Piston&#8221; \u00e9 um disco onde ele nos apresenta um repert\u00f3rio praticamente todo de m\u00fasicas de sucessos internacionais. Trabalho bem executado, produzido por Toni Vestani para o selo Equipe, de Oswaldo Cadaxo. N\u00e3o deixem de conferir no GTM \ud83d\ude09<\/p>\n<div style=\"text-align: center;\">io che non vivo (senza te)<\/div>\n<div style=\"text-align: center;\">and i love her<\/div>\n<div style=\"text-align: center;\">tenderly<\/div>\n<div style=\"text-align: center;\">not so slepy<\/div>\n<div style=\"text-align: center;\">a volta<\/div>\n<div style=\"text-align: center;\">my whole world in falling down<\/div>\n<div style=\"text-align: center;\">les cornichons<\/div>\n<div style=\"text-align: center;\">nessuno mi puo giudicare<\/div>\n<div style=\"text-align: center;\">a hard day&#8217;s night<\/div>\n<div style=\"text-align: center;\">que c&#8217;est triste venise<\/div>\n<div style=\"text-align: center;\">all my loving<\/div>\n<div style=\"text-align: center;\">a shot in the dark<\/div>\n<p style=\"text-align: center;\"><br \/><br \/>.<\/p>","protected":false},"excerpt":{"rendered":"<p>Ol\u00e1 amigu\u00edssimos cultos e ocultos! E aqui vamos n\u00f3s, hoje trazendo um disco que h\u00e1 muito estava para ser postado. Infelizmente, o arquivo do disco o qual eu havia digitalizado se perdeu entre muitos\u00a0 outros tempos atr\u00e1s. Mas, por sorte, &hellip; <a href=\"https:\/\/www.toque-musicall.com\/?p=6903\">Continue lendo <span class=\"meta-nav\">&rarr;<\/span><\/a><\/p>\n","protected":false},"author":1,"featured_media":0,"comment_status":"closed","ping_status":"closed","sticky":false,"template":"","format":"standard","meta":{"footnotes":""},"categories":[3255,275],"tags":[3254,3101],"class_list":["post-6903","post","type-post","status-publish","format-standard","hentry","category-celinho-do-piston","category-selo-equipe","tag-celinho-do-piston","tag-selo-equipe"],"_links":{"self":[{"href":"https:\/\/www.toque-musicall.com\/index.php?rest_route=\/wp\/v2\/posts\/6903","targetHints":{"allow":["GET"]}}],"collection":[{"href":"https:\/\/www.toque-musicall.com\/index.php?rest_route=\/wp\/v2\/posts"}],"about":[{"href":"https:\/\/www.toque-musicall.com\/index.php?rest_route=\/wp\/v2\/types\/post"}],"author":[{"embeddable":true,"href":"https:\/\/www.toque-musicall.com\/index.php?rest_route=\/wp\/v2\/users\/1"}],"replies":[{"embeddable":true,"href":"https:\/\/www.toque-musicall.com\/index.php?rest_route=%2Fwp%2Fv2%2Fcomments&post=6903"}],"version-history":[{"count":1,"href":"https:\/\/www.toque-musicall.com\/index.php?rest_route=\/wp\/v2\/posts\/6903\/revisions"}],"predecessor-version":[{"id":6904,"href":"https:\/\/www.toque-musicall.com\/index.php?rest_route=\/wp\/v2\/posts\/6903\/revisions\/6904"}],"wp:attachment":[{"href":"https:\/\/www.toque-musicall.com\/index.php?rest_route=%2Fwp%2Fv2%2Fmedia&parent=6903"}],"wp:term":[{"taxonomy":"category","embeddable":true,"href":"https:\/\/www.toque-musicall.com\/index.php?rest_route=%2Fwp%2Fv2%2Fcategories&post=6903"},{"taxonomy":"post_tag","embeddable":true,"href":"https:\/\/www.toque-musicall.com\/index.php?rest_route=%2Fwp%2Fv2%2Ftags&post=6903"}],"curies":[{"name":"wp","href":"https:\/\/api.w.org\/{rel}","templated":true}]}}