{"id":6906,"date":"2019-09-30T23:13:02","date_gmt":"2019-10-01T02:13:02","guid":{"rendered":"http:\/\/www.toque-musicall.com\/?p=6906"},"modified":"2019-11-10T23:17:36","modified_gmt":"2019-11-11T02:17:36","slug":"diana-1976","status":"publish","type":"post","link":"https:\/\/www.toque-musicall.com\/?p=6906","title":{"rendered":"Diana (1976)"},"content":{"rendered":"\n<figure class=\"wp-block-image\"><img decoding=\"async\" src=\"https:\/\/1.bp.blogspot.com\/-RYdvq1FsMI4\/Xci5cK0UElI\/AAAAAAAAQBE\/GvDMxNbCYjojpGJZOPQzMn3z-3dAdFlcwCLcBGAsYHQ\/s640\/Anota%25C3%25A7%25C3%25A3o%2B2019-11-07%2B200324.jpg\" alt=\"\"\/><\/figure>\n\n\n\n<figure class=\"wp-block-image\"><img decoding=\"async\" src=\"https:\/\/1.bp.blogspot.com\/-I1kDWco_cZY\/Xci5b5dK7ZI\/AAAAAAAAQBA\/ADukUEo4Ev8Kg3C2IcjJGB7WG5F9G6D-QCLcBGAsYHQ\/s640\/Anota%25C3%25A7%25C3%25A3o%2B2019-11-07%2B200450.jpg\" alt=\"\"\/><\/figure>\n\n\n<p>Boa noite, amigos cultos e ocultos! Hoje e mais uma vez temos um lp da cantora Diana. Quem acompanha o Toque Musical sabe, h\u00e1 pouco mais de dois anos, postamos aqui seu lp, de 75, &#8220;Uma Nova Vida&#8221;, com a sempre brilhante apresenta\u00e7\u00e3o textual do amigo colaborador, Samuel Machado Filho. Desta vez, trago seu disco de 76, tamb\u00e9m um lp muito bem produzido, com praticamente quase todas as m\u00fasicas autorais. Chamo a aten\u00e7\u00e3o para os arranjos e o time de m\u00fasicos. Ali\u00e1s, mais que um time, um batalh\u00e3o de feras, entre essas algumas mais conhecidas, tal com, Antonio Adolfo, Luiz Carlos Ramos, Arthur Verocai, Dominguinhos e Jackson do Pandeiro. Deu at\u00e9 vontade de ouvir, n\u00e9? Pois \u00e9, vale a pena&#8230; Chega junto l\u00e1 no GTM. O link tem prazo limitado, ok? \ud83d\ude09<\/p>\n<div style=\"text-align: center;\">sem barulho<\/div>\n<div style=\"text-align: center;\">sanguinasis<\/div>\n<div style=\"text-align: center;\">balan\u00e7o manu\u00eah<\/div>\n<div style=\"text-align: center;\">tesouro escondido<\/div>\n<div style=\"text-align: center;\">hoje que voc\u00ea disse adeus<\/div>\n<div style=\"text-align: center;\">fato consumado<\/div>\n<div style=\"text-align: center;\">estado de gra\u00e7a<\/div>\n<div style=\"text-align: center;\">medo<\/div>\n<div style=\"text-align: center;\">quebra cabe\u00e7a<\/div>\n<div style=\"text-align: center;\">deixe o sol entrar em casa<\/div>\n<div style=\"text-align: center;\">evolu\u00e7\u00e3o<\/div>\n<div style=\"text-align: center;\">tudo vai dar certo<\/div>\n<p style=\"text-align: center;\"><br \/><br \/>.<\/p>","protected":false},"excerpt":{"rendered":"<p>Boa noite, amigos cultos e ocultos! Hoje e mais uma vez temos um lp da cantora Diana. Quem acompanha o Toque Musical sabe, h\u00e1 pouco mais de dois anos, postamos aqui seu lp, de 75, &#8220;Uma Nova Vida&#8221;, com a &hellip; <a href=\"https:\/\/www.toque-musicall.com\/?p=6906\">Continue lendo <span class=\"meta-nav\">&rarr;<\/span><\/a><\/p>\n","protected":false},"author":1,"featured_media":0,"comment_status":"closed","ping_status":"closed","sticky":false,"template":"","format":"standard","meta":{"footnotes":""},"categories":[1],"tags":[3256,3057],"class_list":["post-6906","post","type-post","status-publish","format-standard","hentry","category-sem-categoria","tag-diana","tag-selo-polydor"],"_links":{"self":[{"href":"https:\/\/www.toque-musicall.com\/index.php?rest_route=\/wp\/v2\/posts\/6906","targetHints":{"allow":["GET"]}}],"collection":[{"href":"https:\/\/www.toque-musicall.com\/index.php?rest_route=\/wp\/v2\/posts"}],"about":[{"href":"https:\/\/www.toque-musicall.com\/index.php?rest_route=\/wp\/v2\/types\/post"}],"author":[{"embeddable":true,"href":"https:\/\/www.toque-musicall.com\/index.php?rest_route=\/wp\/v2\/users\/1"}],"replies":[{"embeddable":true,"href":"https:\/\/www.toque-musicall.com\/index.php?rest_route=%2Fwp%2Fv2%2Fcomments&post=6906"}],"version-history":[{"count":1,"href":"https:\/\/www.toque-musicall.com\/index.php?rest_route=\/wp\/v2\/posts\/6906\/revisions"}],"predecessor-version":[{"id":6907,"href":"https:\/\/www.toque-musicall.com\/index.php?rest_route=\/wp\/v2\/posts\/6906\/revisions\/6907"}],"wp:attachment":[{"href":"https:\/\/www.toque-musicall.com\/index.php?rest_route=%2Fwp%2Fv2%2Fmedia&parent=6906"}],"wp:term":[{"taxonomy":"category","embeddable":true,"href":"https:\/\/www.toque-musicall.com\/index.php?rest_route=%2Fwp%2Fv2%2Fcategories&post=6906"},{"taxonomy":"post_tag","embeddable":true,"href":"https:\/\/www.toque-musicall.com\/index.php?rest_route=%2Fwp%2Fv2%2Ftags&post=6906"}],"curies":[{"name":"wp","href":"https:\/\/api.w.org\/{rel}","templated":true}]}}