{"id":6910,"date":"2019-10-03T09:36:31","date_gmt":"2019-10-03T12:36:31","guid":{"rendered":"http:\/\/www.toque-musicall.com\/?p=6910"},"modified":"2019-11-13T09:38:52","modified_gmt":"2019-11-13T12:38:52","slug":"giane-dominique-1976","status":"publish","type":"post","link":"https:\/\/www.toque-musicall.com\/?p=6910","title":{"rendered":"Giane &#8211; Dominique (1976)"},"content":{"rendered":"\n<figure class=\"wp-block-image\"><img decoding=\"async\" src=\"https:\/\/1.bp.blogspot.com\/-oL1sS6Dp82k\/XcvnvC8UkEI\/AAAAAAAAQBs\/rc2TUCIjJ-AOigNgYmf69fq5qAQAS7FgwCLcBGAsYHQ\/s640\/Anota%25C3%25A7%25C3%25A3o%2B2019-11-13%2B075819.jpg\" alt=\"\"\/><\/figure>\n\n\n\n<figure class=\"wp-block-image\"><img decoding=\"async\" src=\"https:\/\/1.bp.blogspot.com\/-S08p4lDMQfQ\/XcvnvMWyLVI\/AAAAAAAAQBo\/FdF3aSL4Shs7YqYhqLUYEeu-89cb8OMWQCLcBGAsYHQ\/s640\/Anota%25C3%25A7%25C3%25A3o%2B2019-11-13%2B075902.jpg\" alt=\"\"\/><\/figure>\n\n\n<p>Bom dia, amigos cultos e ocultos! Me embalei na onda das cantoras, em especial as da Jovem Guarda, muito por conta de uns amigos que adoram relembrar seus tempos de &#8216;juventude transviada&#8217;. Achando um tempinho aqui, c\u00e1 estou eu com essa leva de cantoras e hoje trazendo a Georgina Morozini dos Santos, mais conhecida como Giane. Ela j\u00e1 foi apresentada aqui no Toque Musical, atrav\u00e9s de outros discos, mas em especial, na postagem de um de seus compactos, atrav\u00e9s do amigo e colaborador Samuel Machado Filho. Conforme escreveu o Samuca, Giane foi uma das primeiras cantoras da Jovem Guarda, tendo antes iniciado sua carreira nos anos 50, ainda na \u00e9poca do 78 rpm. Sem d\u00favida, uma cantora cheia de sucessos e isso se deu na soma de seu talento com um repert\u00f3rio, geralmente de vers\u00f5es de m\u00fasicas internacionais consagradas pelo p\u00fablico. Neste lp, lan\u00e7ado pela Chantecler e seu selo Alvorada, em 1976, temos uma colet\u00e2nea de alguns de seus maiores sucessos, a come\u00e7ar pelo maior, a vers\u00e3o para &#8220;Dominique&#8221;, do franc\u00eas Soeur Sourire. Neste lp, apenas uma m\u00fasica n\u00e3o \u00e9 vers\u00e3o, &#8220;O homem do cora\u00e7\u00e3o de ouro&#8221;, m\u00fasica de Alberto Cal\u00e7ada e Antonio Queiroz. Confiram esse toque no GTM, O prazo \u00e9 limitado, heim!?<\/p>\n<div style=\"text-align: center;\">dominique<\/div>\n<div style=\"text-align: center;\">meu deus, como te amo<\/div>\n<div style=\"text-align: center;\">angelita<\/div>\n<div style=\"text-align: center;\">eu te darei bem mais<\/div>\n<div style=\"text-align: center;\">longe do mundo<\/div>\n<div style=\"text-align: center;\">esta \u00e9 minha can\u00e7\u00e3o<\/div>\n<div style=\"text-align: center;\">n\u00e3o saber\u00e1s<\/div>\n<div style=\"text-align: center;\">preste aten\u00e7\u00e3o<\/div>\n<div style=\"text-align: center;\">o homem do cora\u00e7\u00e3o de ouro<\/div>\n<div style=\"text-align: center;\">olhos tristes<\/div>\n<div style=\"text-align: center;\">johnny guitar<\/div>\n<div style=\"text-align: center;\">n\u00e3o esque\u00e7o jamais<\/div>\n<div style=\"text-align: center;\">meu bem n\u00e3o v\u00e1<\/div>\n<div style=\"text-align: center;\">o caminho de s\u00e3o jos\u00e9<\/div>\n<p><br \/><br \/>.<\/p>\n\n\n<p><\/p>\n","protected":false},"excerpt":{"rendered":"<p>Bom dia, amigos cultos e ocultos! Me embalei na onda das cantoras, em especial as da Jovem Guarda, muito por conta de uns amigos que adoram relembrar seus tempos de &#8216;juventude transviada&#8217;. Achando um tempinho aqui, c\u00e1 estou eu com &hellip; <a href=\"https:\/\/www.toque-musicall.com\/?p=6910\">Continue lendo <span class=\"meta-nav\">&rarr;<\/span><\/a><\/p>\n","protected":false},"author":1,"featured_media":0,"comment_status":"closed","ping_status":"closed","sticky":false,"template":"","format":"standard","meta":{"footnotes":""},"categories":[1],"tags":[3259,3073],"class_list":["post-6910","post","type-post","status-publish","format-standard","hentry","category-sem-categoria","tag-giane","tag-selo-chantecler"],"_links":{"self":[{"href":"https:\/\/www.toque-musicall.com\/index.php?rest_route=\/wp\/v2\/posts\/6910","targetHints":{"allow":["GET"]}}],"collection":[{"href":"https:\/\/www.toque-musicall.com\/index.php?rest_route=\/wp\/v2\/posts"}],"about":[{"href":"https:\/\/www.toque-musicall.com\/index.php?rest_route=\/wp\/v2\/types\/post"}],"author":[{"embeddable":true,"href":"https:\/\/www.toque-musicall.com\/index.php?rest_route=\/wp\/v2\/users\/1"}],"replies":[{"embeddable":true,"href":"https:\/\/www.toque-musicall.com\/index.php?rest_route=%2Fwp%2Fv2%2Fcomments&post=6910"}],"version-history":[{"count":1,"href":"https:\/\/www.toque-musicall.com\/index.php?rest_route=\/wp\/v2\/posts\/6910\/revisions"}],"predecessor-version":[{"id":6911,"href":"https:\/\/www.toque-musicall.com\/index.php?rest_route=\/wp\/v2\/posts\/6910\/revisions\/6911"}],"wp:attachment":[{"href":"https:\/\/www.toque-musicall.com\/index.php?rest_route=%2Fwp%2Fv2%2Fmedia&parent=6910"}],"wp:term":[{"taxonomy":"category","embeddable":true,"href":"https:\/\/www.toque-musicall.com\/index.php?rest_route=%2Fwp%2Fv2%2Fcategories&post=6910"},{"taxonomy":"post_tag","embeddable":true,"href":"https:\/\/www.toque-musicall.com\/index.php?rest_route=%2Fwp%2Fv2%2Ftags&post=6910"}],"curies":[{"name":"wp","href":"https:\/\/api.w.org\/{rel}","templated":true}]}}