{"id":692,"date":"2010-10-03T13:56:00","date_gmt":"2010-10-03T13:56:00","guid":{"rendered":"http:\/\/www.toque-musicall.com\/?p=692"},"modified":"2010-10-03T13:56:00","modified_gmt":"2010-10-03T13:56:00","slug":"jingles-politicos","status":"publish","type":"post","link":"https:\/\/www.toque-musicall.com\/?p=692","title":{"rendered":"Jingles Pol\u00edticos"},"content":{"rendered":"<p><a href=\"http:\/\/2.bp.blogspot.com\/_DSKVEvHtskc\/TKisFwFIzYI\/AAAAAAAAHGg\/if9qcJrMG3I\/s1600\/tiririca+-+jingles+pol%C3%ADticos+p.JPG\"><img decoding=\"async\" style=\"TEXT-ALIGN: center; MARGIN: 0px auto 10px; WIDTH: 400px; DISPLAY: block; HEIGHT: 399px; CURSOR: hand\" id=\"BLOGGER_PHOTO_ID_5523854157775687042\" border=\"0\" alt=\"\" src=\"http:\/\/2.bp.blogspot.com\/_DSKVEvHtskc\/TKisFwFIzYI\/AAAAAAAAHGg\/if9qcJrMG3I\/s400\/tiririca+-+jingles+pol%C3%ADticos+p.JPG\" \/><\/a>Ol\u00e1 amigos cultos e ocultos, eleitores do meu Brasil! Vamos votar direito nesta elei\u00e7\u00e3o para depois n\u00e3o ficarmos ai tiririca da vida. Escolham bem o candidato que ir\u00e1 representar voc\u00ea e os seus interesses. Mas antes de chegar a alguma conclus\u00e3o, priorize o interesse coletivo. Pense no bem estar de todos. Nosso pa\u00eds s\u00f3 vai ser mesmo grande no dia em que deixarmos de pensar apenas no nosso umbigo e aquilo que est\u00e1 em volta dele. Temos que pensar de forma coletiva. A base \u00e9 essa. Chega de pol\u00edticos profissionais, de popularescos, de celebridades e corruptos! Precisamos de gente honesta dutante todo o mandato. O dif\u00edcil \u00e9 isso acontecer, pois para se chegar a essa posi\u00e7\u00e3o o camarada tem que passar pelo &#8216;crivo&#8217; da ideologia ou da pol\u00edtica maquiav\u00e9lica de cada partido. Em outras palavras, querendo ou n\u00e3o ele vai se sujar, n\u00e3o tem jeito. Fazer pol\u00edtica \u00e9 como trocar o pneu de um carro, querendo ou n\u00e3o a gente sempre suja as m\u00e3os. Por isso \u00e9 que alguns pol\u00edticos preferem pagar pelo servi\u00e7o completo do borracheiro.<br \/>Olha, sinceramente, eu acho um saco esse papo de pol\u00edtica. De qualquer maneira, para marcarmos bem essa data, estou trazendo aqui uma s\u00e9rie de jingles pol\u00edticos da \u00faltimas elei\u00e7\u00f5es. Sinceramente eu n\u00e3o sei se algu\u00e9m vai ter interesse em ouvir esses hinos \u00e0 demagogia. De qualquer forma devem servir, nem que seja para torrar a paci\u00eancia dos vizinhos. J\u00e1 que o dia \u00e9 de tortura eleitoral, toma aqui a minha colabora\u00e7\u00e3o&#8230; (disso tudo, o que eu mais gostei foi de criar a ilustra\u00e7\u00e3o, essa ideia foi mal explorada pelos meios de comunica\u00e7\u00e3o, voc\u00eas n\u00e3o acham?)<\/p>\n<p><\/p>\n<div>\n<div align=\"center\">lula presidente 89<\/div>\n<div align=\"center\">eymael presidente 89<\/div>\n<div align=\"center\">fernando collor presidente 89<\/div>\n<div align=\"center\">ulysses presidente 89<\/div>\n<div align=\"center\">fernando henrique presidente 94<\/div>\n<div align=\"center\">francisco rossi prefeito osasco 88<\/div>\n<div align=\"center\">m\u00e1rio covas governador sp 94<br \/>angela amin prefeita florianopolis 96<\/div>\n<div align=\"center\">luiz fernando mainard prefeito baj\u00e9 92<\/div>\n<div align=\"center\">orestes qu\u00e9rcia governador s\u00e3o paulo 98<\/div>\n<div align=\"center\">lula presidente 94<\/div>\n<div align=\"center\">fernando henrique cardoso presidente 98<\/div>\n<div align=\"center\">eduardo suplicy senador s\u00e3o paulo 2000<\/div>\n<div align=\"center\">marcelo alencar governador rio 94<\/div>\n<div align=\"center\">pedro simon senador rio grande do sul 90<\/div>\n<div align=\"center\">tarso genro prefeito porto alegre 92<\/div>\n<div align=\"center\">antonio erm\u00ednio governador s\u00e3o paulo 85<\/div>\n<div align=\"center\">paulo maluf governador s\u00e3o paulo 90<\/div>\n<div align=\"center\">l\u00eddice da mata prefeita salvador 92<\/div>\n<div align=\"center\">silvio santos presidente 89<\/div>\n<p><\/p>\n<div align=\"center\"><\/div>\n<p><\/p>\n<div align=\"center\"><\/div>\n<\/div>\n","protected":false},"excerpt":{"rendered":"<p>Ol\u00e1 amigos cultos e ocultos, eleitores do meu Brasil! Vamos votar direito nesta elei\u00e7\u00e3o para depois n\u00e3o ficarmos ai tiririca da vida. Escolham bem o candidato que ir\u00e1 representar voc\u00ea e os seus interesses. Mas antes de chegar a alguma &hellip; <a href=\"https:\/\/www.toque-musicall.com\/?p=692\">Continue lendo <span class=\"meta-nav\">&rarr;<\/span><\/a><\/p>\n","protected":false},"author":1,"featured_media":0,"comment_status":"open","ping_status":"closed","sticky":false,"template":"","format":"standard","meta":{"footnotes":""},"categories":[996],"tags":[],"class_list":["post-692","post","type-post","status-publish","format-standard","hentry","category-jingles-politicos"],"_links":{"self":[{"href":"https:\/\/www.toque-musicall.com\/index.php?rest_route=\/wp\/v2\/posts\/692","targetHints":{"allow":["GET"]}}],"collection":[{"href":"https:\/\/www.toque-musicall.com\/index.php?rest_route=\/wp\/v2\/posts"}],"about":[{"href":"https:\/\/www.toque-musicall.com\/index.php?rest_route=\/wp\/v2\/types\/post"}],"author":[{"embeddable":true,"href":"https:\/\/www.toque-musicall.com\/index.php?rest_route=\/wp\/v2\/users\/1"}],"replies":[{"embeddable":true,"href":"https:\/\/www.toque-musicall.com\/index.php?rest_route=%2Fwp%2Fv2%2Fcomments&post=692"}],"version-history":[{"count":0,"href":"https:\/\/www.toque-musicall.com\/index.php?rest_route=\/wp\/v2\/posts\/692\/revisions"}],"wp:attachment":[{"href":"https:\/\/www.toque-musicall.com\/index.php?rest_route=%2Fwp%2Fv2%2Fmedia&parent=692"}],"wp:term":[{"taxonomy":"category","embeddable":true,"href":"https:\/\/www.toque-musicall.com\/index.php?rest_route=%2Fwp%2Fv2%2Fcategories&post=692"},{"taxonomy":"post_tag","embeddable":true,"href":"https:\/\/www.toque-musicall.com\/index.php?rest_route=%2Fwp%2Fv2%2Ftags&post=692"}],"curies":[{"name":"wp","href":"https:\/\/api.w.org\/{rel}","templated":true}]}}