{"id":693,"date":"2010-10-02T22:32:00","date_gmt":"2010-10-02T22:32:00","guid":{"rendered":"http:\/\/www.toque-musicall.com\/?p=693"},"modified":"2010-10-02T22:32:00","modified_gmt":"2010-10-02T22:32:00","slug":"the-fools-embaladissimo-1968","status":"publish","type":"post","link":"https:\/\/www.toque-musicall.com\/?p=693","title":{"rendered":"The Fools &#8211; Embalad\u00edssimo (1968)"},"content":{"rendered":"<p><a href=\"http:\/\/3.bp.blogspot.com\/_DSKVEvHtskc\/TKezN9A6M0I\/AAAAAAAAHGI\/hfebJkBCGlA\/s1600\/the+fools+P.JPG\"><img decoding=\"async\" style=\"TEXT-ALIGN: center; MARGIN: 0px auto 10px; WIDTH: 400px; DISPLAY: block; HEIGHT: 399px; CURSOR: hand\" id=\"BLOGGER_PHOTO_ID_5523580520291251010\" border=\"0\" alt=\"\" src=\"http:\/\/3.bp.blogspot.com\/_DSKVEvHtskc\/TKezN9A6M0I\/AAAAAAAAHGI\/hfebJkBCGlA\/s400\/the+fools+P.JPG\" \/><\/a> Ol\u00e1s! Hoje eu estou com o dia tomado. Em pleno s\u00e1bado, todo mundo se arrumando para a festa e eu agarrado no servi\u00e7o. Estou dando uma pausa, apenas para fazer a nossa postagem. S\u00e1bado me faz lembrar as &#8216;horas dan\u00e7antes&#8221; na casa da minha tia. Eu era menino e ficava l\u00e1 vendo os meus primos mais velhos dan\u00e7ando ao som da Jovem Guarda. Todos os s\u00e1bados tinham esses encontros, era \u00f3timo!<br \/>Aqui temos um disco t\u00edpico dos embalos de s\u00e1bado a tarde. Um \u00e1lbum, diga-se de passagem, muito bem conservado. Na estante do meu dep\u00f3sito ele ficou, por certo, uns 15 anos sem nunca ser tocado. \u00c9 interessante pensar isso. Como as coisas ficam paradas no tempo e depois ressurgem num estalo. Temos aqui um obscuro grupo de &#8216;ei-ei-ei&#8217; chamado &#8216;The Fools&#8217;. O estilo e repert\u00f3rio \u00e9 id\u00eantico ao The Pop&#8217;s. Eu at\u00e9 cheguei a pensar que fossem eles, afinal aquela turma estava por tr\u00e1s de tudo quanto \u00e9 coisa &#8216;curiosa&#8217; lan\u00e7ada por esses selos desconhecidos. Por\u00e9m, o embalad\u00edssimo The Fools aqui \u00e9 formado por outros m\u00fasicos. Consta at\u00e9 na contracapa o nome deles, mas em nada acrescenta essa informa\u00e7\u00e3o. Melhor ficarmos apenas no &#8220;ei-ei-ei&#8217;.<br \/>Putz! At\u00e9 esqueci que amanh\u00e3 \u00e9 dia de elei\u00e7\u00e3o.<br \/>FA\u00c7A UM POL\u00cdTICO TRABALHAR, N\u00c3O VOTE NELE!<\/p>\n<div align=\"center\">o recado<\/div>\n<div align=\"center\">o touro solit\u00e1rio<\/div>\n<div align=\"center\">winchester cathedral<\/div>\n<div align=\"center\">love letters<\/div>\n<div align=\"center\">vivo s\u00f3<\/div>\n<div align=\"center\">un homme et une femme<\/div>\n<div align=\"center\">oh suzana <\/div>\n<div align=\"center\">tequilla<\/div>\n<div align=\"center\">pepinos<br \/>estrelita<\/div>\n<div align=\"center\">noites de moscou<\/div>\n<div align=\"center\">exodus<\/div>\n<div align=\"center\">the sunny side of the steet<\/div>\n<div align=\"center\">the shadow of your smile<\/div>\n<div align=\"center\"> <\/div>\n<div align=\"center\"> <\/div>\n","protected":false},"excerpt":{"rendered":"<p>Ol\u00e1s! Hoje eu estou com o dia tomado. Em pleno s\u00e1bado, todo mundo se arrumando para a festa e eu agarrado no servi\u00e7o. Estou dando uma pausa, apenas para fazer a nossa postagem. S\u00e1bado me faz lembrar as &#8216;horas dan\u00e7antes&#8221; &hellip; <a href=\"https:\/\/www.toque-musicall.com\/?p=693\">Continue lendo <span class=\"meta-nav\">&rarr;<\/span><\/a><\/p>\n","protected":false},"author":1,"featured_media":0,"comment_status":"open","ping_status":"closed","sticky":false,"template":"","format":"standard","meta":{"footnotes":""},"categories":[997],"tags":[],"class_list":["post-693","post","type-post","status-publish","format-standard","hentry","category-the-fools"],"_links":{"self":[{"href":"https:\/\/www.toque-musicall.com\/index.php?rest_route=\/wp\/v2\/posts\/693","targetHints":{"allow":["GET"]}}],"collection":[{"href":"https:\/\/www.toque-musicall.com\/index.php?rest_route=\/wp\/v2\/posts"}],"about":[{"href":"https:\/\/www.toque-musicall.com\/index.php?rest_route=\/wp\/v2\/types\/post"}],"author":[{"embeddable":true,"href":"https:\/\/www.toque-musicall.com\/index.php?rest_route=\/wp\/v2\/users\/1"}],"replies":[{"embeddable":true,"href":"https:\/\/www.toque-musicall.com\/index.php?rest_route=%2Fwp%2Fv2%2Fcomments&post=693"}],"version-history":[{"count":0,"href":"https:\/\/www.toque-musicall.com\/index.php?rest_route=\/wp\/v2\/posts\/693\/revisions"}],"wp:attachment":[{"href":"https:\/\/www.toque-musicall.com\/index.php?rest_route=%2Fwp%2Fv2%2Fmedia&parent=693"}],"wp:term":[{"taxonomy":"category","embeddable":true,"href":"https:\/\/www.toque-musicall.com\/index.php?rest_route=%2Fwp%2Fv2%2Fcategories&post=693"},{"taxonomy":"post_tag","embeddable":true,"href":"https:\/\/www.toque-musicall.com\/index.php?rest_route=%2Fwp%2Fv2%2Ftags&post=693"}],"curies":[{"name":"wp","href":"https:\/\/api.w.org\/{rel}","templated":true}]}}