{"id":694,"date":"2010-10-02T01:52:00","date_gmt":"2010-10-02T01:52:00","guid":{"rendered":"http:\/\/www.toque-musicall.com\/?p=694"},"modified":"2010-10-02T01:52:00","modified_gmt":"2010-10-02T01:52:00","slug":"os-celestiais-no-copao-1971","status":"publish","type":"post","link":"https:\/\/www.toque-musicall.com\/?p=694","title":{"rendered":"Os Celestiais &#8211; No Cop\u00e3o (1971)"},"content":{"rendered":"<p><a href=\"http:\/\/1.bp.blogspot.com\/_DSKVEvHtskc\/TKaQkK9A2lI\/AAAAAAAAHF8\/3r22BIhq6r4\/s1600\/os+celstiais+P.JPG\"><img decoding=\"async\" style=\"TEXT-ALIGN: center; MARGIN: 0px auto 10px; WIDTH: 400px; DISPLAY: block; HEIGHT: 400px; CURSOR: hand\" id=\"BLOGGER_PHOTO_ID_5523260944106445394\" border=\"0\" alt=\"\" src=\"http:\/\/1.bp.blogspot.com\/_DSKVEvHtskc\/TKaQkK9A2lI\/AAAAAAAAHF8\/3r22BIhq6r4\/s400\/os+celstiais+P.JPG\" \/><\/a> <\/p>\n<div>Para fecharmos a noite com o compacto, aqui vai um tamb\u00e9m independente. Algu\u00e9m a\u00ed j\u00e1 ouviu falar nOs Celestiais? Eu n\u00e3o. Qualquer not\u00edcia ser\u00e1 bem vinda&#8230; Tenho aqui um disquinho interessante, possivelmente gravado no in\u00edcio dos anos 70, ou antes. N\u00e3o sei nada al\u00e9m do que temos na capa e selo. O que me atraiu neste compacto foi a capa e mais ainda uma vers\u00e3o de &#8220;Mustang cor de sangue&#8221;, de Marcos e Paulo Valle (instrumental). A prop\u00f3sito, o compacto \u00e9 duplo, quer dizer, contem quatro faixas. S\u00e3o quatro m\u00fasicas, sendo duas instrumentais e as outras duas tendo a frente o cantor &#8220;Milt\u00e3o&#8221;. \u00c9 interessante notar que o nome do &#8220;Milt\u00e3o&#8221; S\u00f3 aparece em destaque no selo. Na capa j\u00e1 haviam estrelas demais. Todos merecem brilhar, afinal o grupo \u00e9 afiadinho, bem agrad\u00e1vel de ouvir. Confiram a\u00ed&#8230;<\/div>\n<div>(onde ser\u00e1 o Cop\u00e3o?)<\/div>\n<div align=\"center\">recordando odeon<\/div>\n<div align=\"center\">desilus\u00e3o<\/div>\n<div align=\"center\">mustangue conr de sangue<\/div>\n<div align=\"center\">tudo n\u00e3o passou de ilus\u00e3o<\/div>\n<div align=\"center\"> <\/div>\n<div align=\"center\"> <\/div>\n","protected":false},"excerpt":{"rendered":"<p>Para fecharmos a noite com o compacto, aqui vai um tamb\u00e9m independente. Algu\u00e9m a\u00ed j\u00e1 ouviu falar nOs Celestiais? Eu n\u00e3o. Qualquer not\u00edcia ser\u00e1 bem vinda&#8230; Tenho aqui um disquinho interessante, possivelmente gravado no in\u00edcio dos anos 70, ou antes. &hellip; <a href=\"https:\/\/www.toque-musicall.com\/?p=694\">Continue lendo <span class=\"meta-nav\">&rarr;<\/span><\/a><\/p>\n","protected":false},"author":1,"featured_media":0,"comment_status":"open","ping_status":"closed","sticky":false,"template":"","format":"standard","meta":{"footnotes":""},"categories":[998],"tags":[],"class_list":["post-694","post","type-post","status-publish","format-standard","hentry","category-os-celestiais"],"_links":{"self":[{"href":"https:\/\/www.toque-musicall.com\/index.php?rest_route=\/wp\/v2\/posts\/694","targetHints":{"allow":["GET"]}}],"collection":[{"href":"https:\/\/www.toque-musicall.com\/index.php?rest_route=\/wp\/v2\/posts"}],"about":[{"href":"https:\/\/www.toque-musicall.com\/index.php?rest_route=\/wp\/v2\/types\/post"}],"author":[{"embeddable":true,"href":"https:\/\/www.toque-musicall.com\/index.php?rest_route=\/wp\/v2\/users\/1"}],"replies":[{"embeddable":true,"href":"https:\/\/www.toque-musicall.com\/index.php?rest_route=%2Fwp%2Fv2%2Fcomments&post=694"}],"version-history":[{"count":0,"href":"https:\/\/www.toque-musicall.com\/index.php?rest_route=\/wp\/v2\/posts\/694\/revisions"}],"wp:attachment":[{"href":"https:\/\/www.toque-musicall.com\/index.php?rest_route=%2Fwp%2Fv2%2Fmedia&parent=694"}],"wp:term":[{"taxonomy":"category","embeddable":true,"href":"https:\/\/www.toque-musicall.com\/index.php?rest_route=%2Fwp%2Fv2%2Fcategories&post=694"},{"taxonomy":"post_tag","embeddable":true,"href":"https:\/\/www.toque-musicall.com\/index.php?rest_route=%2Fwp%2Fv2%2Ftags&post=694"}],"curies":[{"name":"wp","href":"https:\/\/api.w.org\/{rel}","templated":true}]}}