{"id":6961,"date":"2019-12-07T12:42:00","date_gmt":"2019-12-07T15:42:00","guid":{"rendered":"http:\/\/www.toque-musicall.com\/?p=6961"},"modified":"2019-12-25T14:01:20","modified_gmt":"2019-12-25T17:01:20","slug":"som-brasileiro-vol-2-1976","status":"publish","type":"post","link":"https:\/\/www.toque-musicall.com\/?p=6961","title":{"rendered":"Som Brasileiro Vol. 2 (1976)"},"content":{"rendered":"\n<figure class=\"wp-block-image size-large\"><img decoding=\"async\" src=\"https:\/\/1.bp.blogspot.com\/-m6DPDyyswIg\/XgCftJJN2YI\/AAAAAAAAQJ4\/BU8tCI4Hr00BiwCRwDdSWECm7z7JZs0WwCLcBGAsYHQ\/s640\/Anota%25C3%25A7%25C3%25A3o%2B2019-12-14%2B202855.jpg\" alt=\"\"\/><\/figure>\n\n\n\n<figure class=\"wp-block-image size-large\"><img decoding=\"async\" src=\"https:\/\/1.bp.blogspot.com\/-1CPOnOylYAI\/XgCftEy114I\/AAAAAAAAQJ0\/V0nFW7CivIMYKXVGyKuy_B9DtslaBQJtACLcBGAsYHQ\/s640\/Anota%25C3%25A7%25C3%25A3o%2B2019-12-14%2B203125.jpg\" alt=\"\"\/><\/figure>\n\n\n\n<p>Ol\u00e1, amigos cultos e ocultos! Hoje o Toque Musical apresenta mais uma colet\u00e2nea de MPB da melhor qualidade. \u00c9 o segundo volume de \u201cSom brasileiro\u201d, lan\u00e7ado em 1976 pela EMI-Odeon (depois EMI e hoje Universal Music), na mesma linha do primeiro, que o TM j\u00e1 nos ofereceu. Em suas onze faixas, iremos encontrar muita coisa boa. Para come\u00e7ar, temos o dueto de M\u00edlton Nascimento com Beto Guedes em \u201cNada ser\u00e1 como antes\u201d, extra\u00eddo do \u00e1lbum duplo \u201cClube da Esquina\u201d, lan\u00e7ado em mar\u00e7o de 1972. Dele tamb\u00e9m \u00e9 a faixa \u201cTrem azul\u201d, com L\u00f4 Borges. Edu Lobo aqui comparece com \u201cVento bravo\u201d, faixa de seu LP de 1973, oficialmente sem t\u00edtulo mas conhecido como \u201cMissa breve\u201d. O inesquec\u00edvel Z\u00e9 Rodrix vem com sua vers\u00e3o do cl\u00e1ssico \u201cCasa no campo\u201d, que fez com Tavito, gravada em 1976 para o \u00e1lbum \u201cSoy latino-americano\u201d. Talentosa cantora e compositora, Sueli Costa vem com \u201cVamos dan\u00e7ar\u201d, grava\u00e7\u00e3o de 1975. O grupo Som Imagin\u00e1rio, conhecido por acompanhar M\u00edlton Nascimento em discos e shows, apresenta aqui&nbsp;&nbsp;uma composi\u00e7\u00e3o de seu tecladista Wagner Tiso, \u201cArmina\u201d, grava\u00e7\u00e3o de 1973 pin\u00e7ada do \u00e1lbum \u201cMatan\u00e7a do porco\u201d. Dorival Caymmi, o poeta seresteiro da Bahia, interpreta aqui \u201cDona Chica (Francisca Santa das Flores)\u201d, grava\u00e7\u00e3o de 1972. Gonzaguinha, o eterno aprendiz, mostra aqui \u201cMundo novo, vida nova\u201d, m\u00fasica com a qual concorreu no II Festival Universit\u00e1rio de MPB, da TV Tupi do Rio de Janeiro, em 1969, defendida por Claudette Soares, mas que ele pr\u00f3prio s\u00f3 viria a gravar em 1972. Compositor, cantor e pianista ainda hoje em atividade, Jo\u00e3o Donato aqui comparece com \u201cTerremoto\u201d, parceria com Paulo C\u00e9sar Pinheiro e faixa do \u00e1lbum \u201cQuem \u00e9 quem\u201d, de 1973. M\u00fasico completo, Egberto Gismonti aqui nos mostra \u201cJanela de ouro (A trai\u00e7\u00e3o das esmeraldas)\u201d, faixa extra\u00edda do \u00e1lbum \u201c\u00c1gua e vinho\u201d, de 1972. E, para encerrar com chave de ouro, \u201cSinal fechado\u201d, de e com Paulinho da Viola, m\u00fasica com a qual ele venceu o quinto (e \u00faltimo) festival de MPB da antiga TV Record de S\u00e3o Paulo, em 1969. Enfim, um disco primoroso e repleto de bons momentos de nossa m\u00fasica popular. Confiram.<\/p>\n\n\n\n<p class=\"has-text-align-center\">nada ser\u00e1 como antes &#8211; milton nascimento e beto guedes<\/p>\n\n\n\n<p class=\"has-text-align-center\">vento bravo &#8211; edu lobo<\/p>\n\n\n\n<p class=\"has-text-align-center\">casa no campo &#8211; z\u00e9 rodrix<\/p>\n\n\n\n<p class=\"has-text-align-center\">vamos dan\u00e7ar &#8211; sueli costa<\/p>\n\n\n\n<p class=\"has-text-align-center\">armina &#8211; som imagin\u00e1rio<\/p>\n\n\n\n<p class=\"has-text-align-center\">dona chica &#8211; dorival caymmi<\/p>\n\n\n\n<p class=\"has-text-align-center\">trem azul &#8211; l\u00f4 borges<\/p>\n\n\n\n<p class=\"has-text-align-center\">mundo novo vida nova &#8211; gonzaguinha<\/p>\n\n\n\n<p class=\"has-text-align-center\">terremoto &#8211; jo\u00e3o donato<\/p>\n\n\n\n<p class=\"has-text-align-center\">a janela de ouro &#8211; egberto gismonti<\/p>\n\n\n\n<p class=\"has-text-align-center\">sinal fechado &#8211; paulinho da viola<\/p>\n\n\n\n<p><br style=\"font-weight: 400;\"><br style=\"font-weight: 400;\"><span style=\"font-weight: 400;\">*Texto de Samuel Machado Filho<\/span><\/p>\n","protected":false},"excerpt":{"rendered":"<p>Ol\u00e1, amigos cultos e ocultos! Hoje o Toque Musical apresenta mais uma colet\u00e2nea de MPB da melhor qualidade. \u00c9 o segundo volume de \u201cSom brasileiro\u201d, lan\u00e7ado em 1976 pela EMI-Odeon (depois EMI e hoje Universal Music), na mesma linha do &hellip; <a href=\"https:\/\/www.toque-musicall.com\/?p=6961\">Continue lendo <span class=\"meta-nav\">&rarr;<\/span><\/a><\/p>\n","protected":false},"author":1,"featured_media":0,"comment_status":"closed","ping_status":"closed","sticky":false,"template":"","format":"standard","meta":{"footnotes":""},"categories":[64,227,293,498,784,1513,802,322,542,244,1863,899,111],"tags":[3158,3323,3322,3232,3321,3320,3324],"class_list":["post-6961","post","type-post","status-publish","format-standard","hentry","category-coletanea","category-dorival-caymmi","category-edu-lobo","category-egberto-gismonti","category-gonzaguinha","category-joao-donato","category-lo-borges","category-milton-nascimento","category-paulinho-da-viola","category-selo-emi-odeon","category-som-imaginario","category-sueli-costa","category-ze-rodrix","tag-coletanea","tag-joao-donato","tag-lo-borges","tag-milton-nascimento","tag-paulinho-da-viola","tag-som-brasileiro","tag-ze-rodrix"],"_links":{"self":[{"href":"https:\/\/www.toque-musicall.com\/index.php?rest_route=\/wp\/v2\/posts\/6961","targetHints":{"allow":["GET"]}}],"collection":[{"href":"https:\/\/www.toque-musicall.com\/index.php?rest_route=\/wp\/v2\/posts"}],"about":[{"href":"https:\/\/www.toque-musicall.com\/index.php?rest_route=\/wp\/v2\/types\/post"}],"author":[{"embeddable":true,"href":"https:\/\/www.toque-musicall.com\/index.php?rest_route=\/wp\/v2\/users\/1"}],"replies":[{"embeddable":true,"href":"https:\/\/www.toque-musicall.com\/index.php?rest_route=%2Fwp%2Fv2%2Fcomments&post=6961"}],"version-history":[{"count":2,"href":"https:\/\/www.toque-musicall.com\/index.php?rest_route=\/wp\/v2\/posts\/6961\/revisions"}],"predecessor-version":[{"id":6973,"href":"https:\/\/www.toque-musicall.com\/index.php?rest_route=\/wp\/v2\/posts\/6961\/revisions\/6973"}],"wp:attachment":[{"href":"https:\/\/www.toque-musicall.com\/index.php?rest_route=%2Fwp%2Fv2%2Fmedia&parent=6961"}],"wp:term":[{"taxonomy":"category","embeddable":true,"href":"https:\/\/www.toque-musicall.com\/index.php?rest_route=%2Fwp%2Fv2%2Fcategories&post=6961"},{"taxonomy":"post_tag","embeddable":true,"href":"https:\/\/www.toque-musicall.com\/index.php?rest_route=%2Fwp%2Fv2%2Ftags&post=6961"}],"curies":[{"name":"wp","href":"https:\/\/api.w.org\/{rel}","templated":true}]}}