{"id":697,"date":"2010-09-30T09:39:00","date_gmt":"2010-09-30T09:39:00","guid":{"rendered":"http:\/\/www.toque-musicall.com\/?p=697"},"modified":"2010-09-30T09:39:00","modified_gmt":"2010-09-30T09:39:00","slug":"edu-lobo-a-musica-de-edu-lobo-por-edu-lobo-1967","status":"publish","type":"post","link":"https:\/\/www.toque-musicall.com\/?p=697","title":{"rendered":"Edu Lobo &#8211; A M\u00fasica De Edu Lobo Por Edu Lobo (1967)"},"content":{"rendered":"<p><a href=\"http:\/\/1.bp.blogspot.com\/_DSKVEvHtskc\/TKRa-nAYI8I\/AAAAAAAAHFY\/yY7DBp80HGE\/s1600\/Edu+Lobo+P.JPG\"><img decoding=\"async\" style=\"TEXT-ALIGN: center; MARGIN: 0px auto 10px; WIDTH: 400px; DISPLAY: block; HEIGHT: 394px; CURSOR: hand\" id=\"BLOGGER_PHOTO_ID_5522639074732024770\" border=\"0\" alt=\"\" src=\"http:\/\/1.bp.blogspot.com\/_DSKVEvHtskc\/TKRa-nAYI8I\/AAAAAAAAHFY\/yY7DBp80HGE\/s400\/Edu+Lobo+P.JPG\" \/><\/a> Bom dia, amigos cultos e ocultos! Hoje n\u00f3s vamos de Edu Lobo, acompanhado pelo Tamba Trio. Este \u00e1lbum, por certo, n\u00e3o \u00e9 novidade ou raridade que mere\u00e7a mais explica\u00e7\u00f5es. Foi o primeiro lp do compositor que at\u00e9 ent\u00e3o s\u00f3 havia gravado um compacto duplo pela Copacabana, 1963, como apoio do papai Fernando Lobo. Por volta de 65, impressionado com as qualidades do jovem Edu, Aloysio de Oliveira convidou-o a gravar seu primeiro disco para o ent\u00e3o recente selo Elenco. Para n\u00e3o ficar no mesmo clima intimista do trabalho anterior e mesmo porque sua m\u00fasica tem essa tend\u00eancia, Aloysio incluiu o Tamba Trio, que casou direitinho com as inten\u00e7\u00f5es musicais do jovem artista compositor. Se n\u00e3o me engano, este disco teve seu lan\u00e7amento adiado por conta de uma das m\u00fasicas que estava participando de festival. O \u00e1lbum teve seu lan\u00e7amento oficial marcado em 1967. Neste disco Edu interpreta ao lado de Luiz E\u00e7a, Rubens O&#8217;Hanna e Bebeto Castilho, suas composi\u00e7\u00f5es e parcerias com Lula Freire, Ruy Guerra, Vianinha e Vinicius de Moraes. Sem d\u00favida, um trabalho antol\u00f3gico da maior import\u00e2ncia, que mesmo sendo j\u00e1 bem &#8216;manjado&#8217; atrav\u00e9s de outros blogs, n\u00e3o deixa de ter um encanto e ser, para mim, uma honra t\u00ea-lo listado no Toque Musical. Se voc\u00ea ainda n\u00e3o o viu e nem ouviu, ta\u00ed uma boa hora! Este \u00e9 b\u00e1sico!<\/p>\n<div align=\"center\">borand\u00e1<\/div>\n<div align=\"center\">resolu\u00e7\u00e3o<\/div>\n<div align=\"center\">as mesmas hist\u00f3rias<\/div>\n<div align=\"center\">aleluia<\/div>\n<div align=\"center\">can\u00e7\u00e3o da terra<\/div>\n<div align=\"center\">zambi<\/div>\n<div align=\"center\">reza<\/div>\n<div align=\"center\">arrast\u00e3o<\/div>\n<div align=\"center\">r\u00e9quim para um amor<\/div>\n<div align=\"center\">chegan\u00e7a<\/div>\n<div align=\"center\">can\u00e7\u00e3o do amanhecer<\/div>\n<div align=\"center\">em tempo de adeus<\/div>\n<div align=\"center\"> <\/div>\n<div align=\"center\"> <\/div>\n","protected":false},"excerpt":{"rendered":"<p>Bom dia, amigos cultos e ocultos! Hoje n\u00f3s vamos de Edu Lobo, acompanhado pelo Tamba Trio. Este \u00e1lbum, por certo, n\u00e3o \u00e9 novidade ou raridade que mere\u00e7a mais explica\u00e7\u00f5es. Foi o primeiro lp do compositor que at\u00e9 ent\u00e3o s\u00f3 havia &hellip; <a href=\"https:\/\/www.toque-musicall.com\/?p=697\">Continue lendo <span class=\"meta-nav\">&rarr;<\/span><\/a><\/p>\n","protected":false},"author":1,"featured_media":0,"comment_status":"open","ping_status":"closed","sticky":false,"template":"","format":"standard","meta":{"footnotes":""},"categories":[293],"tags":[],"class_list":["post-697","post","type-post","status-publish","format-standard","hentry","category-edu-lobo"],"_links":{"self":[{"href":"https:\/\/www.toque-musicall.com\/index.php?rest_route=\/wp\/v2\/posts\/697","targetHints":{"allow":["GET"]}}],"collection":[{"href":"https:\/\/www.toque-musicall.com\/index.php?rest_route=\/wp\/v2\/posts"}],"about":[{"href":"https:\/\/www.toque-musicall.com\/index.php?rest_route=\/wp\/v2\/types\/post"}],"author":[{"embeddable":true,"href":"https:\/\/www.toque-musicall.com\/index.php?rest_route=\/wp\/v2\/users\/1"}],"replies":[{"embeddable":true,"href":"https:\/\/www.toque-musicall.com\/index.php?rest_route=%2Fwp%2Fv2%2Fcomments&post=697"}],"version-history":[{"count":0,"href":"https:\/\/www.toque-musicall.com\/index.php?rest_route=\/wp\/v2\/posts\/697\/revisions"}],"wp:attachment":[{"href":"https:\/\/www.toque-musicall.com\/index.php?rest_route=%2Fwp%2Fv2%2Fmedia&parent=697"}],"wp:term":[{"taxonomy":"category","embeddable":true,"href":"https:\/\/www.toque-musicall.com\/index.php?rest_route=%2Fwp%2Fv2%2Fcategories&post=697"},{"taxonomy":"post_tag","embeddable":true,"href":"https:\/\/www.toque-musicall.com\/index.php?rest_route=%2Fwp%2Fv2%2Ftags&post=697"}],"curies":[{"name":"wp","href":"https:\/\/api.w.org\/{rel}","templated":true}]}}