{"id":6988,"date":"2019-12-17T10:04:00","date_gmt":"2019-12-17T13:04:00","guid":{"rendered":"http:\/\/www.toque-musicall.com\/?p=6988"},"modified":"2019-12-26T10:07:11","modified_gmt":"2019-12-26T13:07:11","slug":"scarambone-e-seu-conjunto-de-dancas-aquarela-de-ritmos-vol-2-1959","status":"publish","type":"post","link":"https:\/\/www.toque-musicall.com\/?p=6988","title":{"rendered":"Scarambone E Seu Conjunto De Dan\u00e7as &#8211; Aquarela de Ritmos Vol 2 (1959)"},"content":{"rendered":"\n<figure class=\"wp-block-image size-large\"><img decoding=\"async\" src=\"https:\/\/1.bp.blogspot.com\/-EMgd1kHU0Ls\/XgHyG1twP7I\/AAAAAAAAQL0\/JLS9WnM9-sM9BCfh6bOkjfuMJ5JmJl7nQCLcBGAsYHQ\/s640\/capa.jpg\" alt=\"\"\/><\/figure>\n\n\n\n<figure class=\"wp-block-image size-large\"><img decoding=\"async\" src=\"https:\/\/1.bp.blogspot.com\/-kMNwrAoCiSs\/XgHx_35gdjI\/AAAAAAAAQLw\/6ujIm3nAYIU6O9TS44ZOctllvXQTglMbQCLcBGAsYHQ\/s640\/Anota%25C3%25A7%25C3%25A3o%2B2019-12-24%2B063819.jpg\" alt=\"\"\/><\/figure>\n\n\n<p>Boa noite, amigos cultos e ocultos! Hoje trago para voc\u00eas o lp &#8220;Aquarela de Ritmos&#8221;, do pianista e tecladista Jos\u00e9 Scarambone, lan\u00e7ado pela RCA Victor em 1959. Um lp bem interessante, trazendo um repert\u00f3rio com temas nacionais e internacionais, com destaque, obviamente, para o samba e em especial para dois deles, pren\u00fancio da Bossa Nova, &#8220;A felicidade&#8221; e &#8220;Eu sei que vou te amar&#8221;, de Antonio Carlos Jobim e Vin\u00edcius de Moraes. Na contracapa, como pode ser visto, h\u00e1 um texto com mais informa\u00e7\u00f5es sobre o artista e este disco. Adoro quanto isso acontece, assim me poupa palavras e agiliza nossas postagens. Confiram no GTM!<\/p>\n<div>e da\u00ed?<\/div>\n<div>perfume de gard\u00eania<\/div>\n<div>revolta<\/div>\n<div>petite fleur<\/div>\n<div>cansei<\/div>\n<div>la strada del&#8217;amore<\/div>\n<div>a felicidade<\/div>\n<div>a very precious love<\/div>\n<div>eu sei que vou te amar<\/div>\n<div>quero beijar-te as m\u00e3os<\/div>\n<div>ideias erradas<\/div>\n<div>because of you<\/div>\n<p><br \/><br \/>.<\/p>","protected":false},"excerpt":{"rendered":"<p>Boa noite, amigos cultos e ocultos! Hoje trago para voc\u00eas o lp &#8220;Aquarela de Ritmos&#8221;, do pianista e tecladista Jos\u00e9 Scarambone, lan\u00e7ado pela RCA Victor em 1959. Um lp bem interessante, trazendo um repert\u00f3rio com temas nacionais e internacionais, com &hellip; <a href=\"https:\/\/www.toque-musicall.com\/?p=6988\">Continue lendo <span class=\"meta-nav\">&rarr;<\/span><\/a><\/p>\n","protected":false},"author":1,"featured_media":0,"comment_status":"open","ping_status":"closed","sticky":false,"template":"","format":"standard","meta":{"footnotes":""},"categories":[491,427],"tags":[3337,3338],"class_list":["post-6988","post","type-post","status-publish","format-standard","hentry","category-marcia","category-selo-elenco","tag-marcia","tag-selo-elenco"],"_links":{"self":[{"href":"https:\/\/www.toque-musicall.com\/index.php?rest_route=\/wp\/v2\/posts\/6988","targetHints":{"allow":["GET"]}}],"collection":[{"href":"https:\/\/www.toque-musicall.com\/index.php?rest_route=\/wp\/v2\/posts"}],"about":[{"href":"https:\/\/www.toque-musicall.com\/index.php?rest_route=\/wp\/v2\/types\/post"}],"author":[{"embeddable":true,"href":"https:\/\/www.toque-musicall.com\/index.php?rest_route=\/wp\/v2\/users\/1"}],"replies":[{"embeddable":true,"href":"https:\/\/www.toque-musicall.com\/index.php?rest_route=%2Fwp%2Fv2%2Fcomments&post=6988"}],"version-history":[{"count":1,"href":"https:\/\/www.toque-musicall.com\/index.php?rest_route=\/wp\/v2\/posts\/6988\/revisions"}],"predecessor-version":[{"id":6989,"href":"https:\/\/www.toque-musicall.com\/index.php?rest_route=\/wp\/v2\/posts\/6988\/revisions\/6989"}],"wp:attachment":[{"href":"https:\/\/www.toque-musicall.com\/index.php?rest_route=%2Fwp%2Fv2%2Fmedia&parent=6988"}],"wp:term":[{"taxonomy":"category","embeddable":true,"href":"https:\/\/www.toque-musicall.com\/index.php?rest_route=%2Fwp%2Fv2%2Fcategories&post=6988"},{"taxonomy":"post_tag","embeddable":true,"href":"https:\/\/www.toque-musicall.com\/index.php?rest_route=%2Fwp%2Fv2%2Ftags&post=6988"}],"curies":[{"name":"wp","href":"https:\/\/api.w.org\/{rel}","templated":true}]}}