{"id":6992,"date":"2019-12-21T11:41:00","date_gmt":"2019-12-21T14:41:00","guid":{"rendered":"http:\/\/www.toque-musicall.com\/?p=6992"},"modified":"2019-12-27T11:44:00","modified_gmt":"2019-12-27T14:44:00","slug":"ze-ketti-identificacao-1979","status":"publish","type":"post","link":"https:\/\/www.toque-musicall.com\/?p=6992","title":{"rendered":"Z\u00e9 Ketti &#8211; Identifica\u00e7\u00e3o (1979)"},"content":{"rendered":"\n<figure class=\"wp-block-image size-large\"><img decoding=\"async\" src=\"https:\/\/1.bp.blogspot.com\/-T0ZwlP-VRFc\/XgH3w-8ifbI\/AAAAAAAAQMc\/5BMRo89bOnUoIBIfIS2Rh0ob1BZE39qyACLcBGAsYHQ\/s640\/Anota%25C3%25A7%25C3%25A3o%2B2019-12-24%2B071809.jpg\" alt=\"\"\/><\/figure>\n\n\n\n<figure class=\"wp-block-image size-large\"><img decoding=\"async\" src=\"https:\/\/1.bp.blogspot.com\/-RhJ-CKLzq4o\/XgH3wLJLWUI\/AAAAAAAAQMY\/GPUZkSj5PfAlhSQhubbllogf_Kf7kKPUgCLcBGAsYHQ\/s640\/Anota%25C3%25A7%25C3%25A3o%2B2019-12-24%2B071856.jpg\" alt=\"\"\/><\/figure>\n\n\n<p>Boa noite, prezados amigos cultos e ocultos! Hoje tenho o prazer de trazer at\u00e9 voc\u00eas (outro n\u00e1ufrago) o \u00e1lbum &#8220;Identifica\u00e7\u00e3o&#8221;, do grande compositor Z\u00e9 Ketti, lan\u00e7ado em 1979 pela Continental. Disco bacana, a come\u00e7ar pela capa que reproduz sua carteira de identidade. Produzido por Wilson Miranda, o disco traz 10 faixas, todas autorais. Composi\u00e7\u00f5es em sua maioria in\u00e9ditas, mas tamb\u00e9m h\u00e1 espa\u00e7o para um de seus maiores cl\u00e1ssicos, a marchinha carnavalesca &#8220;M\u00e1scara Negra&#8221;, lan\u00e7ada originalmente por Dalva de Oliveira. Ta\u00ed, mais um disco que merecia constar em nosso acervo. Confiram no GTM.<\/p>\n<div>tamborim<\/div>\n<div>voc\u00ea n\u00e3o foi legal<\/div>\n<div>feij\u00e3o malandrinho<\/div>\n<div>companheira<\/div>\n<div>\u00faltimo momento<\/div>\n<div>m\u00e1scara negra<\/div>\n<div>eu vou pra bahia<\/div>\n<div>voc\u00ea n\u00e3o est\u00e1 com nada<\/div>\n<div>meus cabelos brancos<\/div>\n<div>linhas cruzadas<\/div>\n<div>\u00a0<\/div>","protected":false},"excerpt":{"rendered":"<p>Boa noite, prezados amigos cultos e ocultos! Hoje tenho o prazer de trazer at\u00e9 voc\u00eas (outro n\u00e1ufrago) o \u00e1lbum &#8220;Identifica\u00e7\u00e3o&#8221;, do grande compositor Z\u00e9 Ketti, lan\u00e7ado em 1979 pela Continental. Disco bacana, a come\u00e7ar pela capa que reproduz sua carteira &hellip; <a href=\"https:\/\/www.toque-musicall.com\/?p=6992\">Continue lendo <span class=\"meta-nav\">&rarr;<\/span><\/a><\/p>\n","protected":false},"author":1,"featured_media":0,"comment_status":"open","ping_status":"closed","sticky":false,"template":"","format":"standard","meta":{"footnotes":""},"categories":[40,3340],"tags":[3327],"class_list":["post-6992","post","type-post","status-publish","format-standard","hentry","category-selo-continental","category-ze-ketti","tag-selo-continental"],"_links":{"self":[{"href":"https:\/\/www.toque-musicall.com\/index.php?rest_route=\/wp\/v2\/posts\/6992","targetHints":{"allow":["GET"]}}],"collection":[{"href":"https:\/\/www.toque-musicall.com\/index.php?rest_route=\/wp\/v2\/posts"}],"about":[{"href":"https:\/\/www.toque-musicall.com\/index.php?rest_route=\/wp\/v2\/types\/post"}],"author":[{"embeddable":true,"href":"https:\/\/www.toque-musicall.com\/index.php?rest_route=\/wp\/v2\/users\/1"}],"replies":[{"embeddable":true,"href":"https:\/\/www.toque-musicall.com\/index.php?rest_route=%2Fwp%2Fv2%2Fcomments&post=6992"}],"version-history":[{"count":1,"href":"https:\/\/www.toque-musicall.com\/index.php?rest_route=\/wp\/v2\/posts\/6992\/revisions"}],"predecessor-version":[{"id":6993,"href":"https:\/\/www.toque-musicall.com\/index.php?rest_route=\/wp\/v2\/posts\/6992\/revisions\/6993"}],"wp:attachment":[{"href":"https:\/\/www.toque-musicall.com\/index.php?rest_route=%2Fwp%2Fv2%2Fmedia&parent=6992"}],"wp:term":[{"taxonomy":"category","embeddable":true,"href":"https:\/\/www.toque-musicall.com\/index.php?rest_route=%2Fwp%2Fv2%2Fcategories&post=6992"},{"taxonomy":"post_tag","embeddable":true,"href":"https:\/\/www.toque-musicall.com\/index.php?rest_route=%2Fwp%2Fv2%2Ftags&post=6992"}],"curies":[{"name":"wp","href":"https:\/\/api.w.org\/{rel}","templated":true}]}}