{"id":6996,"date":"2019-12-23T11:49:00","date_gmt":"2019-12-23T14:49:00","guid":{"rendered":"http:\/\/www.toque-musicall.com\/?p=6996"},"modified":"2019-12-31T19:41:44","modified_gmt":"2019-12-31T22:41:44","slug":"marcia-1973","status":"publish","type":"post","link":"https:\/\/www.toque-musicall.com\/?p=6996","title":{"rendered":"M\u00e1rcia (1973)"},"content":{"rendered":"\n<figure class=\"wp-block-image size-large\"><img decoding=\"async\" src=\"https:\/\/1.bp.blogspot.com\/-M3TOZYdnqwY\/XgXm9tj3QII\/AAAAAAAAQNE\/-6rFXRzjU5w2dawpsOd-5PPTy_8ZFICvACLcBGAsYHQ\/s640\/Anota%25C3%25A7%25C3%25A3o%2B2019-12-27%2B070957.jpg\" alt=\"\"\/><\/figure>\n\n\n\n<figure class=\"wp-block-image size-large\"><img decoding=\"async\" src=\"https:\/\/1.bp.blogspot.com\/-JZzGu24ukNI\/XgXm9NMk03I\/AAAAAAAAQNA\/ADV4Dr-cj3YbiEfi02YgWWVsfMdGRJ4pgCLcBGAsYHQ\/s640\/Anota%25C3%25A7%25C3%25A3o%2B2019-12-27%2B071032.jpg\" alt=\"\"\/><\/figure>\n\n\n<p>Bom dia, prezados amigos cultos e ocultos! Devido a algumas atualiza\u00e7\u00f5es feitas nas plataformas dos nossos blogs (WordPress e Blogspot), acabei tamb\u00e9m mudando o layout das edi\u00e7\u00f5es, coisa simples, mas que alguns poder\u00e3o notar. Temos que nos adaptar as mudan\u00e7as. Al\u00e9m do mais, estamos sempre sendo invadido por idiotas que pensam em surfar em nossa onda, mas aqui o mar \u00e9 bravo!<br \/>Muito bem, temos para hoje a cantora M\u00e1rcia, uma das nossas grandes int\u00e9rpretes, figura j\u00e1 apresentada aqui em outros discos, mas que merece sempre estar em nossas fileiras pela qualidade, talento e repert\u00f3rio. Este lp \u00e9 na verdade o \u00e1lbum &#8220;Rimas&#8221;, de 1973. Curiosamente lan\u00e7ado no mesmo ano pela S\u00e9rie Coronado, mas tamb\u00e9m trazendo no selo o ano 1972, isso por conta da faixas &#8220;\u00daltima forma&#8221;, &#8220;Pra n\u00e3o ser mais tristeza&#8221; e &#8220;Rimas&#8221;, que foram editas um ano antes, talvez em algum compacto, mas esse eu nunca vi. O certo \u00e9 que se trata do mesmo disco, um excelente disco, diga-se de passagem, como se pode ver pela sele\u00e7\u00e3o musical. N\u00e3o deixem de conferir no GTM.<\/p>\n<div>\u00faltima forma<\/div>\n<div>e mais um samba<\/div>\n<div>caminhos<\/div>\n<div>pra n\u00e3o ser mais tristeza<\/div>\n<div>minhas m\u00e3os<\/div>\n<div>chorar chorei<\/div>\n<div>rimas<\/div>\n<div>s\u00f3 pode ser voc\u00ea<\/div>\n<div>fez bobagem<\/div>\n<div>tema da cidade longe<\/div>\n<div>lua aberta<\/div>\n<div>\u00a0<\/div>\n<div>.<\/div>","protected":false},"excerpt":{"rendered":"<p>Bom dia, prezados amigos cultos e ocultos! Devido a algumas atualiza\u00e7\u00f5es feitas nas plataformas dos nossos blogs (WordPress e Blogspot), acabei tamb\u00e9m mudando o layout das edi\u00e7\u00f5es, coisa simples, mas que alguns poder\u00e3o notar. Temos que nos adaptar as mudan\u00e7as. &hellip; <a href=\"https:\/\/www.toque-musicall.com\/?p=6996\">Continue lendo <span class=\"meta-nav\">&rarr;<\/span><\/a><\/p>\n","protected":false},"author":1,"featured_media":0,"comment_status":"open","ping_status":"closed","sticky":false,"template":"","format":"standard","meta":{"footnotes":""},"categories":[491,86],"tags":[3337,3153],"class_list":["post-6996","post","type-post","status-publish","format-standard","hentry","category-marcia","category-selo-odeon","tag-marcia","tag-selo-odeon"],"_links":{"self":[{"href":"https:\/\/www.toque-musicall.com\/index.php?rest_route=\/wp\/v2\/posts\/6996","targetHints":{"allow":["GET"]}}],"collection":[{"href":"https:\/\/www.toque-musicall.com\/index.php?rest_route=\/wp\/v2\/posts"}],"about":[{"href":"https:\/\/www.toque-musicall.com\/index.php?rest_route=\/wp\/v2\/types\/post"}],"author":[{"embeddable":true,"href":"https:\/\/www.toque-musicall.com\/index.php?rest_route=\/wp\/v2\/users\/1"}],"replies":[{"embeddable":true,"href":"https:\/\/www.toque-musicall.com\/index.php?rest_route=%2Fwp%2Fv2%2Fcomments&post=6996"}],"version-history":[{"count":2,"href":"https:\/\/www.toque-musicall.com\/index.php?rest_route=\/wp\/v2\/posts\/6996\/revisions"}],"predecessor-version":[{"id":7015,"href":"https:\/\/www.toque-musicall.com\/index.php?rest_route=\/wp\/v2\/posts\/6996\/revisions\/7015"}],"wp:attachment":[{"href":"https:\/\/www.toque-musicall.com\/index.php?rest_route=%2Fwp%2Fv2%2Fmedia&parent=6996"}],"wp:term":[{"taxonomy":"category","embeddable":true,"href":"https:\/\/www.toque-musicall.com\/index.php?rest_route=%2Fwp%2Fv2%2Fcategories&post=6996"},{"taxonomy":"post_tag","embeddable":true,"href":"https:\/\/www.toque-musicall.com\/index.php?rest_route=%2Fwp%2Fv2%2Ftags&post=6996"}],"curies":[{"name":"wp","href":"https:\/\/api.w.org\/{rel}","templated":true}]}}