{"id":70,"date":"2012-05-08T21:13:00","date_gmt":"2012-05-08T21:13:00","guid":{"rendered":"http:\/\/www.toque-musicall.com\/?p=70"},"modified":"2012-05-08T21:13:00","modified_gmt":"2012-05-08T21:13:00","slug":"os-terriveis-barra-limpa-1967","status":"publish","type":"post","link":"https:\/\/www.toque-musicall.com\/?p=70","title":{"rendered":"Os Terr\u00edveis &#8211; Barra Limpa (1967)"},"content":{"rendered":"<div style=\"clear: both; text-align: center;\"><a href=\"http:\/\/3.bp.blogspot.com\/-4TDuJz9_UTI\/T6kFoB0XbCI\/AAAAAAAAB_4\/U1XdVtmFwEQ\/s1600\/capa+p.JPG\" style=\"margin-left: 1em; margin-right: 1em;\"><img loading=\"lazy\" decoding=\"async\" border=\"0\" height=\"400\" src=\"http:\/\/3.bp.blogspot.com\/-4TDuJz9_UTI\/T6kFoB0XbCI\/AAAAAAAAB_4\/U1XdVtmFwEQ\/s400\/capa+p.JPG\" width=\"397\" \/><\/a><\/div>\n<div style=\"clear: both; text-align: center;\"><a href=\"http:\/\/2.bp.blogspot.com\/-S1gZVwjWqR0\/T6kFj5iN7MI\/AAAAAAAAB_w\/SYZj-WbgZUI\/s1600\/contracapa+P.JPG\" style=\"margin-left: 1em; margin-right: 1em;\"><img loading=\"lazy\" decoding=\"async\" border=\"0\" height=\"398\" src=\"http:\/\/2.bp.blogspot.com\/-S1gZVwjWqR0\/T6kFj5iN7MI\/AAAAAAAAB_w\/SYZj-WbgZUI\/s400\/contracapa+P.JPG\" width=\"400\" \/><\/a><\/div>\n<p>Ol\u00e1 amigos cultos, ocultos e associados de plant\u00e3o! Segue aqui a postagem de hoje. T\u00f4 numa correria brava, mesmo assim, n\u00e3o vou querer deixar o Toque Musical sem seu registro di\u00e1rio. Puxei do gavet\u00e3o, e por acaso, este \u00e1lbum dos \u00e1ureos tempos da Jovem Guarda. Aqui vai mais um daqueles conjuntos instrumentais que habitavam o universo musical pop dos anos 60 no Brasil. Temos desta vez Os Terr\u00edveis, que em outros discos da \u00e9poca poderiam ter sido, Os Brasas, Os Gat\u00f5es, Os Cabeludos ou coisa assim. Sinceramente, n\u00e3o tenho nenhuma informa\u00e7\u00e3o sobre eles e o nosso discos aqui \u00e9 prova disso. Um \u00e1lbum sem compromisso, feito com o intuito puramente comercial, aproveitando a onda, mora? Em seu repert\u00f3rio desfilam m\u00fasicas que eram o sucesso da \u00e9poca, temas nacionais e internacionais. De Roberto Carlos, Martinha e Carlos Imperial \u00e0 <span>Herman&#8217;s Hermits, The Monkees, <\/span><span>Luigi Tenco e outros. Pessoalmente, acho tudo j\u00f3ia, barra limpa. A cara dos discos da Paladium \ud83d\ude42<\/span><br \/><span><br \/><\/span><\/p>\n<div style=\"text-align: center;\"><span>georgy girl<\/span><\/div>\n<div style=\"text-align: center;\"><span>ciao amore ciao<\/span><\/div>\n<div style=\"text-align: center;\"><span>eu n\u00e3o presto mais te amo<\/span><\/div>\n<div style=\"text-align: center;\"><span>i&#8217;m believer<\/span><\/div>\n<div style=\"text-align: center;\"><span>sunny<\/span><\/div>\n<div style=\"text-align: center;\"><span>ma (he&#8217;s making eyes at me)<\/span><\/div>\n<div style=\"text-align: center;\"><span>no milk today<\/span><\/div>\n<div style=\"text-align: center;\"><span>barra limpa<\/span><\/div>\n<div style=\"text-align: center;\"><span>penny lane<\/span><\/div>\n<div style=\"text-align: center;\"><span>fa\u00e7a alguma coisa pelo nosso amor<\/span><\/div>\n<div style=\"text-align: center;\"><span>quando dico che ti amo<\/span><\/div>\n<div style=\"text-align: center;\"><span>a pra\u00e7a<\/span><\/div>\n<p>PS.: Logo ap\u00f3s postar este \u00e1lbum, um de nossos amigos nos enviou um esclarecimento sobre quem eram Os Terr\u00edveis. A fonte foi o blog &#8220;<a href=\"http:\/\/laplayamusic.blogspot.com.br\/\" target=\"_blank\">La Playa Music &#8211; Oldies<\/a>&#8221; \u00a0 cujo texto eu replico aqui:<br \/><span style=\"color: yellow;\"><i><span style=\"font-family: Arial, Tahoma, Helvetica, FreeSans, sans-serif; font-size: 12px; line-height: 16px;\">Os Terr\u00edveis foi um grupo formado em Recife, Pernambuco, que foi para o Rio de Janeiro em 1965 buscar um maior espa\u00e7o no cen\u00e1rio musical. Inicialmente tinham a denomina\u00e7\u00e3o de &#8220;Os Lords&#8221;, mas como j\u00e1 existia uma banda com o mesmo nome e mais famosa foram obrigados a mud\u00e1-lo para &#8220;Os Terr\u00edveis&#8221;. O empres\u00e1rio do grupo era chamado Galindo. Ao chegar ao Rio de Janeiro, o grupo se apresentou nos programas de R\u00e1dio de Jos\u00e9 Messias e C\u00e9lia Mara na R\u00e1dio Mau\u00e1 e nos Programas de TV (Rio Hit Parade) no canal 13, chegando a acompanhar Roberto Carlos na m\u00fasica &#8220;\u00c9 papo firme&#8221;. Tamb\u00e9m tocaram no Programa de Jair de Taumaturgo.<\/span><span style=\"font-family: Arial, Tahoma, Helvetica, FreeSans, sans-serif; font-size: 12px; line-height: 16px;\">\u00a0<\/span><span style=\"font-family: Arial, Tahoma, Helvetica, FreeSans, sans-serif; font-size: 12px; line-height: 16px;\"><br \/><\/span><span style=\"font-family: Arial, Tahoma, Helvetica, FreeSans, sans-serif; font-size: 12px; line-height: 16px;\"><br \/><\/span><span style=\"font-family: Arial, Tahoma, Helvetica, FreeSans, sans-serif; font-size: 12px; line-height: 16px;\">Os integrantes da Banda por ocasi\u00e3o da grava\u00e7\u00e3o do primeiro disco \u201cLong Play\u201d, chamado de \u201cHit Parade\u201d selo SBA, eram: Heronildes Alves Ferreira, apelidado de &#8220;Nido Mau&#8221; (guitarra solo), Beto (baixo), Geo (sax), Nado (guitarra base) e Nando (bateria). Por ocasi\u00e3o da grava\u00e7\u00e3o do segundo disco, &#8220;Onda Jovem&#8221;, selo SBA, saiu o guitarrista Nado e entrou o Milton, apelidado de &#8220;Z\u00e9 Colmeia&#8221;, na guitarra base.<\/span><span style=\"font-family: Arial, Tahoma, Helvetica, FreeSans, sans-serif; font-size: 12px; line-height: 16px;\">\u00a0<\/span><span style=\"font-family: Arial, Tahoma, Helvetica, FreeSans, sans-serif; font-size: 12px; line-height: 16px;\"><br \/><\/span><span style=\"font-family: Arial, Tahoma, Helvetica, FreeSans, sans-serif; font-size: 12px; line-height: 16px;\"><br \/><\/span><span style=\"font-family: Arial, Tahoma, Helvetica, FreeSans, sans-serif; font-size: 12px; line-height: 16px;\">J\u00e1 por ocasi\u00e3o da grava\u00e7\u00e3o do terceiro disco &#8220;Barra Limpa&#8221;, Selo Parlophone, pela gravadora Odeon, inclu\u00eddo nesta postagem, saiu o saxofonista Geo, n\u00e3o tendo substituo. Marcos Fontenely, o &#8220;Nely&#8221;, foi o guitarra base neste disco, substituindo o guitarrista Nilton.<\/span><span style=\"font-family: Arial, Tahoma, Helvetica, FreeSans, sans-serif; font-size: 12px; line-height: 16px;\">\u00a0<\/span><span style=\"font-family: Arial, Tahoma, Helvetica, FreeSans, sans-serif; font-size: 12px; line-height: 16px;\"><br \/><\/span><span style=\"font-family: Arial, Tahoma, Helvetica, FreeSans, sans-serif; font-size: 12px; line-height: 16px;\"><br \/><\/span><span style=\"font-family: Arial, Tahoma, Helvetica, FreeSans, sans-serif; font-size: 12px; line-height: 16px;\">O conjunto se dissolveu em 1968. O grupo gravou tamb\u00e9m um compacto duplo com m\u00fasicas de natal, hoje rar\u00edssimo. (Fonte: livro \u201cO Rock and Roll \u2013 origem, mitos e o rock instrumental no Brasil e em outros pa\u00edses\u201d, de La\u00e9rcio Pacheco Martins, editora pr\u00f3pria.)<\/span><\/i><\/span><\/p>\n","protected":false},"excerpt":{"rendered":"<p>Ol\u00e1 amigos cultos, ocultos e associados de plant\u00e3o! Segue aqui a postagem de hoje. T\u00f4 numa correria brava, mesmo assim, n\u00e3o vou querer deixar o Toque Musical sem seu registro di\u00e1rio. Puxei do gavet\u00e3o, e por acaso, este \u00e1lbum dos &hellip; <a href=\"https:\/\/www.toque-musicall.com\/?p=70\">Continue lendo <span class=\"meta-nav\">&rarr;<\/span><\/a><\/p>\n","protected":false},"author":1,"featured_media":0,"comment_status":"open","ping_status":"closed","sticky":false,"template":"","format":"standard","meta":{"footnotes":""},"categories":[112,113],"tags":[],"class_list":["post-70","post","type-post","status-publish","format-standard","hentry","category-os-terriveis","category-selo-parlophone"],"_links":{"self":[{"href":"https:\/\/www.toque-musicall.com\/index.php?rest_route=\/wp\/v2\/posts\/70","targetHints":{"allow":["GET"]}}],"collection":[{"href":"https:\/\/www.toque-musicall.com\/index.php?rest_route=\/wp\/v2\/posts"}],"about":[{"href":"https:\/\/www.toque-musicall.com\/index.php?rest_route=\/wp\/v2\/types\/post"}],"author":[{"embeddable":true,"href":"https:\/\/www.toque-musicall.com\/index.php?rest_route=\/wp\/v2\/users\/1"}],"replies":[{"embeddable":true,"href":"https:\/\/www.toque-musicall.com\/index.php?rest_route=%2Fwp%2Fv2%2Fcomments&post=70"}],"version-history":[{"count":0,"href":"https:\/\/www.toque-musicall.com\/index.php?rest_route=\/wp\/v2\/posts\/70\/revisions"}],"wp:attachment":[{"href":"https:\/\/www.toque-musicall.com\/index.php?rest_route=%2Fwp%2Fv2%2Fmedia&parent=70"}],"wp:term":[{"taxonomy":"category","embeddable":true,"href":"https:\/\/www.toque-musicall.com\/index.php?rest_route=%2Fwp%2Fv2%2Fcategories&post=70"},{"taxonomy":"post_tag","embeddable":true,"href":"https:\/\/www.toque-musicall.com\/index.php?rest_route=%2Fwp%2Fv2%2Ftags&post=70"}],"curies":[{"name":"wp","href":"https:\/\/api.w.org\/{rel}","templated":true}]}}