{"id":7000,"date":"2019-12-26T20:12:00","date_gmt":"2019-12-26T23:12:00","guid":{"rendered":"http:\/\/www.toque-musicall.com\/?p=7000"},"modified":"2019-12-31T19:39:02","modified_gmt":"2019-12-31T22:39:02","slug":"maria-thereza-mecha-branca-simplesmente-coracao-1979","status":"publish","type":"post","link":"https:\/\/www.toque-musicall.com\/?p=7000","title":{"rendered":"Maria Thereza Mecha Branca &#8211; Simplesmente Cora\u00e7\u00e3o (1979)"},"content":{"rendered":"\n<figure class=\"wp-block-image size-large\"><img decoding=\"async\" src=\"https:\/\/1.bp.blogspot.com\/-FzjYEvWaNtA\/XgaMj8DZRlI\/AAAAAAAAQN0\/A59wch1e1vItASSLFVZx3xrfv0uGOj_hwCLcBGAsYHQ\/s640\/Anota%25C3%25A7%25C3%25A3o%2B2019-12-27%2B092651.jpg\" alt=\"\"\/><\/figure>\n\n\n\n<figure class=\"wp-block-image size-large\"><img decoding=\"async\" src=\"https:\/\/1.bp.blogspot.com\/-VO4Ct_lSLIE\/XgaMkZhpdvI\/AAAAAAAAQN4\/hkRx97VUmx4Tn7JOTv-89Z2XCgEC6HaVgCLcBGAsYHQ\/s640\/Anota%25C3%25A7%25C3%25A3o%2B2019-12-27%2B092725.jpg\" alt=\"\"\/><\/figure>\n\n\n<p>Ol\u00e1 amigos cultos e ocultos! Hoje temos o prazer de apresentar aqui a cantora paulista Maria Thereza. Compositora e violonista, ela iniciou sua carreira nos anos 50, quando ent\u00e3o gravou com Aloysio de Oliveira e seu conjunto o primeiro disco. Trabalhou na noite paulista se apresentando em boates e casas de show. Ganhou o nome de &#8216;Mecha Branca&#8221; por conta da mecha t\u00e3o caracter\u00edstica no cabelo. Esteve sempre ligada ao samba can\u00e7\u00e3o e a m\u00fasica rom\u00e2ntica. Vez por outra se afastava da carreira e talvez por conta disso tenha gravado poucos discos.\u00a0 &#8220;Simplesmente Cora\u00e7\u00e3o&#8221;, ao que parece, foi seu ultimo disco. Curiosamente, n\u00e3o h\u00e1 na internet informa\u00e7\u00f5es recentes sobre ela. Achei no Youtube um v\u00eddeo de, talvez, uns seis anos atr\u00e1s onde ela aparece cantando &#8220;Barra\u00e7\u00e3o de zinco&#8221;. Acredito que hoje ela j\u00e1 tenha se afastado definitivamente da m\u00fasica. Mas n\u00e3o vamos deix\u00e1-la esquecida. Por essas e outras, temos ela aqui estreando no Toque Musical. Neste \u00e1lbum, gravado em apenas tr\u00eas dias, de maneira bem espont\u00e2nea e de forma direta, teve como produtor, arranjador e m\u00fasico acompanhante o maestro Jos\u00e9 Briamonte. No repert\u00f3rio temos uma sele\u00e7\u00e3o de m\u00fasicas pr\u00f3prias e tamb\u00e9m de outros autores, m\u00fasicas consagradas, bem conhecidas do p\u00fablico. N\u00e3o deixem de conferir no GTM.<\/p>\n<div>lembrete:<\/div>\n<div>manias<\/div>\n<div>outra vez<\/div>\n<div>can\u00e7\u00e3o de amor<\/div>\n<div>onde anda voc\u00ea<\/div>\n<div>tarde triste<\/div>\n<div>s\u00f3 louco<\/div>\n<div>nem eu\u00a0<\/div>\n<div>simplesmente cora\u00e7\u00e3o<\/div>\n<div>risque<\/div>\n<div>ou\u00e7a<\/div>\n<div>convencido do sete sete nove<\/div>\n<div>no turbilh\u00e3o do encantamento<\/div>\n<div>se n\u00e3o for amor<\/div>\n<div>reencontro<\/div>\n<div>jura secreta<\/div>\n<div>flutuando no seu amor<\/div>\n<div>foi assim<\/div>\n<div>na voz de outra<\/div>\n<div>falando s\u00e9rio<\/div>\n<div>algu\u00e9m me disse<\/div>\n<div>desperto rainha<\/div>\n<div>\u00a0<\/div>\n<p>\u00a0<\/p>\n<p>.<\/p>","protected":false},"excerpt":{"rendered":"<p>Ol\u00e1 amigos cultos e ocultos! Hoje temos o prazer de apresentar aqui a cantora paulista Maria Thereza. Compositora e violonista, ela iniciou sua carreira nos anos 50, quando ent\u00e3o gravou com Aloysio de Oliveira e seu conjunto o primeiro disco. &hellip; <a href=\"https:\/\/www.toque-musicall.com\/?p=7000\">Continue lendo <span class=\"meta-nav\">&rarr;<\/span><\/a><\/p>\n","protected":false},"author":1,"featured_media":0,"comment_status":"open","ping_status":"closed","sticky":false,"template":"","format":"standard","meta":{"footnotes":""},"categories":[3342,244],"tags":[3343],"class_list":["post-7000","post","type-post","status-publish","format-standard","hentry","category-maria-thereza-mecha-branca","category-selo-emi-odeon","tag-maria-thereza-mecha-branca"],"_links":{"self":[{"href":"https:\/\/www.toque-musicall.com\/index.php?rest_route=\/wp\/v2\/posts\/7000","targetHints":{"allow":["GET"]}}],"collection":[{"href":"https:\/\/www.toque-musicall.com\/index.php?rest_route=\/wp\/v2\/posts"}],"about":[{"href":"https:\/\/www.toque-musicall.com\/index.php?rest_route=\/wp\/v2\/types\/post"}],"author":[{"embeddable":true,"href":"https:\/\/www.toque-musicall.com\/index.php?rest_route=\/wp\/v2\/users\/1"}],"replies":[{"embeddable":true,"href":"https:\/\/www.toque-musicall.com\/index.php?rest_route=%2Fwp%2Fv2%2Fcomments&post=7000"}],"version-history":[{"count":3,"href":"https:\/\/www.toque-musicall.com\/index.php?rest_route=\/wp\/v2\/posts\/7000\/revisions"}],"predecessor-version":[{"id":7014,"href":"https:\/\/www.toque-musicall.com\/index.php?rest_route=\/wp\/v2\/posts\/7000\/revisions\/7014"}],"wp:attachment":[{"href":"https:\/\/www.toque-musicall.com\/index.php?rest_route=%2Fwp%2Fv2%2Fmedia&parent=7000"}],"wp:term":[{"taxonomy":"category","embeddable":true,"href":"https:\/\/www.toque-musicall.com\/index.php?rest_route=%2Fwp%2Fv2%2Fcategories&post=7000"},{"taxonomy":"post_tag","embeddable":true,"href":"https:\/\/www.toque-musicall.com\/index.php?rest_route=%2Fwp%2Fv2%2Ftags&post=7000"}],"curies":[{"name":"wp","href":"https:\/\/api.w.org\/{rel}","templated":true}]}}