{"id":7009,"date":"2019-12-24T10:14:00","date_gmt":"2019-12-24T13:14:00","guid":{"rendered":"http:\/\/www.toque-musicall.com\/?p=7009"},"modified":"2019-12-29T10:16:24","modified_gmt":"2019-12-29T13:16:24","slug":"maysa-1966","status":"publish","type":"post","link":"https:\/\/www.toque-musicall.com\/?p=7009","title":{"rendered":"Maysa (1966)"},"content":{"rendered":"\n<figure class=\"wp-block-image size-large\"><img decoding=\"async\" src=\"https:\/\/1.bp.blogspot.com\/-YThrVdXOCtE\/XgX4EyfZDQI\/AAAAAAAAQNU\/5sbBlDUR2C8kPw7wEku7Jf1Ik7r2MomNQCLcBGAsYHQ\/s640\/Anota%25C3%25A7%25C3%25A3o%2B2019-12-27%2B093638.jpg\" alt=\"\"\/><\/figure>\n\n\n\n<figure class=\"wp-block-image size-large\"><img decoding=\"async\" src=\"https:\/\/1.bp.blogspot.com\/-jHZBEaAy-8g\/XgX4FhQu9wI\/AAAAAAAAQNY\/fbHW0zxZNW0te6jFf6syC4I2SOcKDjZaQCLcBGAsYHQ\/s640\/Anota%25C3%25A7%25C3%25A3o%2B2019-12-27%2B093742.jpg\" alt=\"\"\/><\/figure>\n\n\n<p>Ol\u00e1, amigos cultos e ocultos! Aqui vamos com mais um disco de cantora e diga-se de passagem, um super disco e uma super cantora, a inesquec\u00edvel Maysa. Mais uma cantora que dispensa apresenta\u00e7\u00f5es at\u00e9 porque, aqui ela j\u00e1 tem o seu lugar garantido. J\u00e1 postamos outras &#8216;cositas&#8217; de Maysa. E desta vez vamos com este lp lan\u00e7ado pela RCA Victor, em 1966. Este foi seu d\u00e9cimo quarto algum de est\u00fadio. Marcando os seus dez anos de carreira. Um disco com um toque moderno, a come\u00e7ar pela capa onde n\u00e3o consta nenhuma informa\u00e7\u00e3o, nem o seu nome, apenas o seu retrato. Na contracapa j\u00e1 encontramos um texto de apresenta\u00e7\u00e3o, de Roberto Corte Real e a lista de m\u00fasicas. O repert\u00f3rio segundo contam, foi uma copila\u00e7\u00e3o de m\u00fasicas gravadas em programas de televis\u00e3o, temas nacionais e internacionais.<\/p>\n<div>fantasia de trombones<\/div>\n<div>(demais)<\/div>\n<div>(meu mundo caiu)<\/div>\n<div>(preciso aprender a ser s\u00f3)<\/div>\n<div>canto livre<\/div>\n<div>just in time<\/div>\n<div>canto de ossanha<\/div>\n<div>as mesmas hist\u00f3rias<\/div>\n<div>ne me quitte pas<\/div>\n<div>tristeza<\/div>\n<div>fantasia de cellos<\/div>\n<div>(primavera)<\/div>\n<div>(valsa de eur\u00eddice)<\/div>\n<div>(can\u00e7\u00e3o do amanhecer)<\/div>\n<div>can\u00e7\u00e3o sem t\u00edtulo<\/div>\n<div>morrer de amor<\/div>\n<p><br \/><br \/>.<\/p>","protected":false},"excerpt":{"rendered":"<p>Ol\u00e1, amigos cultos e ocultos! Aqui vamos com mais um disco de cantora e diga-se de passagem, um super disco e uma super cantora, a inesquec\u00edvel Maysa. Mais uma cantora que dispensa apresenta\u00e7\u00f5es at\u00e9 porque, aqui ela j\u00e1 tem o &hellip; <a href=\"https:\/\/www.toque-musicall.com\/?p=7009\">Continue lendo <span class=\"meta-nav\">&rarr;<\/span><\/a><\/p>\n","protected":false},"author":1,"featured_media":0,"comment_status":"open","ping_status":"closed","sticky":false,"template":"","format":"standard","meta":{"footnotes":""},"categories":[1359,70],"tags":[3168,3061],"class_list":["post-7009","post","type-post","status-publish","format-standard","hentry","category-maysa","category-selo-rca-victor","tag-maysa","tag-selo-rca-victor"],"_links":{"self":[{"href":"https:\/\/www.toque-musicall.com\/index.php?rest_route=\/wp\/v2\/posts\/7009","targetHints":{"allow":["GET"]}}],"collection":[{"href":"https:\/\/www.toque-musicall.com\/index.php?rest_route=\/wp\/v2\/posts"}],"about":[{"href":"https:\/\/www.toque-musicall.com\/index.php?rest_route=\/wp\/v2\/types\/post"}],"author":[{"embeddable":true,"href":"https:\/\/www.toque-musicall.com\/index.php?rest_route=\/wp\/v2\/users\/1"}],"replies":[{"embeddable":true,"href":"https:\/\/www.toque-musicall.com\/index.php?rest_route=%2Fwp%2Fv2%2Fcomments&post=7009"}],"version-history":[{"count":1,"href":"https:\/\/www.toque-musicall.com\/index.php?rest_route=\/wp\/v2\/posts\/7009\/revisions"}],"predecessor-version":[{"id":7010,"href":"https:\/\/www.toque-musicall.com\/index.php?rest_route=\/wp\/v2\/posts\/7009\/revisions\/7010"}],"wp:attachment":[{"href":"https:\/\/www.toque-musicall.com\/index.php?rest_route=%2Fwp%2Fv2%2Fmedia&parent=7009"}],"wp:term":[{"taxonomy":"category","embeddable":true,"href":"https:\/\/www.toque-musicall.com\/index.php?rest_route=%2Fwp%2Fv2%2Fcategories&post=7009"},{"taxonomy":"post_tag","embeddable":true,"href":"https:\/\/www.toque-musicall.com\/index.php?rest_route=%2Fwp%2Fv2%2Ftags&post=7009"}],"curies":[{"name":"wp","href":"https:\/\/api.w.org\/{rel}","templated":true}]}}