{"id":702,"date":"2010-09-28T01:14:00","date_gmt":"2010-09-28T01:14:00","guid":{"rendered":"http:\/\/www.toque-musicall.com\/?p=702"},"modified":"2010-09-28T01:14:00","modified_gmt":"2010-09-28T01:14:00","slug":"geraldo-vandre-1968","status":"publish","type":"post","link":"https:\/\/www.toque-musicall.com\/?p=702","title":{"rendered":"Geraldo Vandr\u00e9 (1968)"},"content":{"rendered":"<div align=\"center\"><a href=\"http:\/\/2.bp.blogspot.com\/_DSKVEvHtskc\/TKFB3AoCNPI\/AAAAAAAAHEY\/PtkamVmkKXE\/s1600\/geraldo+vandr%C3%A9.JPG\"><img decoding=\"async\" style=\"TEXT-ALIGN: center; MARGIN: 0px auto 10px; WIDTH: 392px; DISPLAY: block; HEIGHT: 400px; CURSOR: hand\" id=\"BLOGGER_PHOTO_ID_5521767031449466098\" border=\"0\" alt=\"\" src=\"http:\/\/2.bp.blogspot.com\/_DSKVEvHtskc\/TKFB3AoCNPI\/AAAAAAAAHEY\/PtkamVmkKXE\/s400\/geraldo+vandr%C3%A9.JPG\" \/><\/a><\/div>\n<div align=\"left\">Que tal um compacto numa postagem extra para fechar o dia? At\u00e9 que seria interessante fazer isso a semana toda. O que voc\u00eas acham? \ud83d\ude09  Vou come\u00e7ando com este raro e hist\u00f3rico compacto.<\/div>\n<div align=\"left\"> <\/div>\n<div align=\"center\">se a tristeza chegar<\/div>\n<div align=\"center\">para n\u00e3o dizer que n\u00e3o falei de flores<\/div>\n<div align=\"center\"><\/div>\n","protected":false},"excerpt":{"rendered":"<p>Que tal um compacto numa postagem extra para fechar o dia? At\u00e9 que seria interessante fazer isso a semana toda. O que voc\u00eas acham? \ud83d\ude09 Vou come\u00e7ando com este raro e hist\u00f3rico compacto. se a tristeza chegar para n\u00e3o dizer &hellip; <a href=\"https:\/\/www.toque-musicall.com\/?p=702\">Continue lendo <span class=\"meta-nav\">&rarr;<\/span><\/a><\/p>\n","protected":false},"author":1,"featured_media":0,"comment_status":"open","ping_status":"closed","sticky":false,"template":"","format":"standard","meta":{"footnotes":""},"categories":[258],"tags":[],"class_list":["post-702","post","type-post","status-publish","format-standard","hentry","category-geraldo-vandre"],"_links":{"self":[{"href":"https:\/\/www.toque-musicall.com\/index.php?rest_route=\/wp\/v2\/posts\/702","targetHints":{"allow":["GET"]}}],"collection":[{"href":"https:\/\/www.toque-musicall.com\/index.php?rest_route=\/wp\/v2\/posts"}],"about":[{"href":"https:\/\/www.toque-musicall.com\/index.php?rest_route=\/wp\/v2\/types\/post"}],"author":[{"embeddable":true,"href":"https:\/\/www.toque-musicall.com\/index.php?rest_route=\/wp\/v2\/users\/1"}],"replies":[{"embeddable":true,"href":"https:\/\/www.toque-musicall.com\/index.php?rest_route=%2Fwp%2Fv2%2Fcomments&post=702"}],"version-history":[{"count":0,"href":"https:\/\/www.toque-musicall.com\/index.php?rest_route=\/wp\/v2\/posts\/702\/revisions"}],"wp:attachment":[{"href":"https:\/\/www.toque-musicall.com\/index.php?rest_route=%2Fwp%2Fv2%2Fmedia&parent=702"}],"wp:term":[{"taxonomy":"category","embeddable":true,"href":"https:\/\/www.toque-musicall.com\/index.php?rest_route=%2Fwp%2Fv2%2Fcategories&post=702"},{"taxonomy":"post_tag","embeddable":true,"href":"https:\/\/www.toque-musicall.com\/index.php?rest_route=%2Fwp%2Fv2%2Ftags&post=702"}],"curies":[{"name":"wp","href":"https:\/\/api.w.org\/{rel}","templated":true}]}}