{"id":7026,"date":"2019-12-31T21:16:11","date_gmt":"2020-01-01T00:16:11","guid":{"rendered":"http:\/\/www.toque-musicall.com\/?p=7026"},"modified":"2019-12-31T21:16:11","modified_gmt":"2020-01-01T00:16:11","slug":"marlene-e-a-maior-1970-2","status":"publish","type":"post","link":"https:\/\/www.toque-musicall.com\/?p=7026","title":{"rendered":"Marlene &#8211; \u00c9 A Maior! (1970)"},"content":{"rendered":"\n<figure class=\"wp-block-image size-large\"><img decoding=\"async\" src=\"https:\/\/1.bp.blogspot.com\/-2hXBrDQIO4Q\/XgvRSye3isI\/AAAAAAAAQPU\/I-f15K2CXh4wyqNF-X1o5lnJDtjb88VFgCLcBGAsYHQ\/s640\/Anota%25C3%25A7%25C3%25A3o%2B2019-12-31%2B094305.jpg\" alt=\"\"\/><\/figure>\n\n\n\n<figure class=\"wp-block-image size-large\"><img decoding=\"async\" src=\"https:\/\/1.bp.blogspot.com\/-hOcYaXE9hEI\/XgvRS0hKpjI\/AAAAAAAAQPQ\/EtKFPNWWTqUtNMpXC2-vO8UeCOfE49eGgCLcBGAsYHQ\/s640\/Anota%25C3%25A7%25C3%25A3o%2B2019-12-31%2B093909.jpg\" alt=\"\"\/><\/figure>\n\n\n<p>Boa noite, meus car\u00edssimos amigos cultos e ocultos! Ent\u00e3o, finalizando nossas postagens de 2019, trago com prazer este raro lp com a cantora Marlene. Marlene \u00e9 a maior! (e tenho dito!). Antes, por\u00e9m, quero deixar aqui os meus votos de um feliz 2020. Desejo a todos um ano menos ruim do que foi este. Pois, sinceramente, n\u00e3o vejo muita luz no fim do t\u00fanel, pelo menos nesses pr\u00f3ximos anos. Estamos vivendo hoje um momento de castigo, um pa\u00eds assolado pela ignor\u00e2ncia, pela intoler\u00e2ncia e pela falta de tudo que \u00e9 b\u00e1sico, educa\u00e7\u00e3o, sa\u00fade e cultura. Estamos tomados por uma onda de obscurantismo, uma regress\u00e3o social de causar espanto. O brasileiro tem se mostrado um povo de uma tamanha ignor\u00e2ncia que d\u00e1 medo. Nessas horas fico pensando se vale a pena continuar levando cultura a essa gente. Aqui mesmo, entre nossos amigos cultos e ocultos h\u00e1, com certeza, tipos reacion\u00e1rios retr\u00f3grados, pessoas toscas e mal informadas, gente que colaborou e ainda colabora para esse estado pol\u00edtico cr\u00edtico e polarizado. Na verdade, a polariza\u00e7\u00e3o \u00e9 uma consequ\u00eancia e essa, hoje, j\u00e1 n\u00e3o me permite sentir bem ao lado da toxidade de algumas pessoas. Acredito ter exorcizado boa parte desses diabos em minha vida e ao meu redor, mas eles continuam presentes, ocultos quase sempre. Toda essa situa\u00e7\u00e3o \u00e9 muito desanimadora e se nos \u00faltimos tempos nosso Toque Musical andou devagar, quase parando, podem ter certeza, foi mesmo por conta desses desencantos. Mas sei que n\u00e3o devemos parar, n\u00e3o \u00e9 hora de entregar o jogo. O TM continua em 2020 acreditando no Brasil. Continuaremos nossas postagens, pois esse prazer que n\u00f3s nos propomos n\u00e3o pode acabar. Ainda h\u00e1 sensibilidade por aqui&#8230; Feliz 2020!<br \/>Selando ent\u00e3o 2019, vamos com este disco &#8220;\u00c9 a maior! com Marlene&#8221; que \u00e9 literalmente um show. Um show criado por\u00a0 Fauzi Arap e Herm\u00ednio Bello de Carvalho, trazendo a extraordin\u00e1ria Marlene, que mesmo j\u00e1 longe dos tempos \u00e1ureos do r\u00e1dio continuava a fazer sucesso. Este disco \u00e9 na verdade uma grava\u00e7\u00e3o ao vivo do show de sucesso, realizado em 1970. Neste, temos ainda a participa\u00e7\u00e3o de gente importante com Arthur Verocai que foi o diretor musical e tamb\u00e9m fez parte do conjunto que acompanha a cantora formado por nomes de peso, Helvius Vilela (piano), Novelli (baixo) e Geg\u00ea (bateria). O \u00e1lbum tem vers\u00f5es de cl\u00e1ssicos da nossa m\u00fasica com composi\u00e7\u00f5es de Caetano Veloso, Luiz Gonzaga e Humberto Teixeira, Marcos e Paulo S\u00e9rgio Valle, Milton Nascimento e outros&#8230; Ta\u00ed, finalizando a parada com este disco j\u00e1 visto em outros blogs, mas \u00e9 no Toque Musical que ele encontra seu porto seguro. Confiram no GTM.<\/p>\n<div>inimigo do batente<\/div>\n<div>para o inferno ou para o c\u00e9u<\/div>\n<div>se \u00e9 pecado sambar<\/div>\n<div>mustang cor de sangue<\/div>\n<div>lata d&#8217;\u00e1gua<\/div>\n<div>cansado de sambar<\/div>\n<div>pa\u00eds tropical<\/div>\n<div>meu pai amarrou meus olhos<\/div>\n<div>tropic\u00e1lia<\/div>\n<div>fez bobagem<\/div>\n<div>recenseamento<\/div>\n<div>uva de caminh\u00e3o<\/div>\n<div>qui nem jil\u00f3<\/div>\n<div>cora\u00e7\u00e3o vagabundo<\/div>\n<div>a onda<\/div>\n<div>m\u00e1scara da face<\/div>\n<div>mora na filosofia<\/div>\n<div>vagabundo<\/div>\n<div>quixa<\/div>\n<div>joia falsa<\/div>\n<div>eu fui a europa<\/div>\n<div>trio eletrico<\/div>\n<div>beco do mota<\/div>\n<div>pode ser<\/div>\n<div>irene<\/div>\n<p><br \/><br \/><br \/>.<\/p>","protected":false},"excerpt":{"rendered":"<p>Boa noite, meus car\u00edssimos amigos cultos e ocultos! Ent\u00e3o, finalizando nossas postagens de 2019, trago com prazer este raro lp com a cantora Marlene. Marlene \u00e9 a maior! (e tenho dito!). Antes, por\u00e9m, quero deixar aqui os meus votos de &hellip; <a href=\"https:\/\/www.toque-musicall.com\/?p=7026\">Continue lendo <span class=\"meta-nav\">&rarr;<\/span><\/a><\/p>\n","protected":false},"author":1,"featured_media":0,"comment_status":"closed","ping_status":"closed","sticky":false,"template":"","format":"standard","meta":{"footnotes":""},"categories":[103,153],"tags":[3352,3091],"class_list":["post-7026","post","type-post","status-publish","format-standard","hentry","category-marlene","category-selo-rge","tag-marlene","tag-selo-rge"],"_links":{"self":[{"href":"https:\/\/www.toque-musicall.com\/index.php?rest_route=\/wp\/v2\/posts\/7026","targetHints":{"allow":["GET"]}}],"collection":[{"href":"https:\/\/www.toque-musicall.com\/index.php?rest_route=\/wp\/v2\/posts"}],"about":[{"href":"https:\/\/www.toque-musicall.com\/index.php?rest_route=\/wp\/v2\/types\/post"}],"author":[{"embeddable":true,"href":"https:\/\/www.toque-musicall.com\/index.php?rest_route=\/wp\/v2\/users\/1"}],"replies":[{"embeddable":true,"href":"https:\/\/www.toque-musicall.com\/index.php?rest_route=%2Fwp%2Fv2%2Fcomments&post=7026"}],"version-history":[{"count":1,"href":"https:\/\/www.toque-musicall.com\/index.php?rest_route=\/wp\/v2\/posts\/7026\/revisions"}],"predecessor-version":[{"id":7027,"href":"https:\/\/www.toque-musicall.com\/index.php?rest_route=\/wp\/v2\/posts\/7026\/revisions\/7027"}],"wp:attachment":[{"href":"https:\/\/www.toque-musicall.com\/index.php?rest_route=%2Fwp%2Fv2%2Fmedia&parent=7026"}],"wp:term":[{"taxonomy":"category","embeddable":true,"href":"https:\/\/www.toque-musicall.com\/index.php?rest_route=%2Fwp%2Fv2%2Fcategories&post=7026"},{"taxonomy":"post_tag","embeddable":true,"href":"https:\/\/www.toque-musicall.com\/index.php?rest_route=%2Fwp%2Fv2%2Ftags&post=7026"}],"curies":[{"name":"wp","href":"https:\/\/api.w.org\/{rel}","templated":true}]}}