{"id":7029,"date":"2020-01-01T12:41:01","date_gmt":"2020-01-01T15:41:01","guid":{"rendered":"http:\/\/www.toque-musicall.com\/?p=7029"},"modified":"2020-01-01T12:41:01","modified_gmt":"2020-01-01T15:41:01","slug":"herminio-bello-de-carvalho-sei-la-1974","status":"publish","type":"post","link":"https:\/\/www.toque-musicall.com\/?p=7029","title":{"rendered":"Herm\u00ednio Bello De Carvalho &#8211; Sei L\u00e1 (1974)"},"content":{"rendered":"\n<figure class=\"wp-block-image size-large\"><img decoding=\"async\" src=\"https:\/\/1.bp.blogspot.com\/-4Tb2S4CJeK8\/XgytVSn_TtI\/AAAAAAAAQPk\/PqVlrj-v0MkzlA4xlJTxDOtpc8UV_0xMgCLcBGAsYHQ\/s640\/Anota%25C3%25A7%25C3%25A3o%2B2020-01-01%2B112836.jpg\" alt=\"\"\/><\/figure>\n\n\n\n<figure class=\"wp-block-image size-large\"><img decoding=\"async\" src=\"https:\/\/1.bp.blogspot.com\/-oGaQEJRI-P4\/XgytVvxxncI\/AAAAAAAAQPo\/ND8NqflhUgEIZn2gWijKGMlnEyMYOT6jACLcBGAsYHQ\/s640\/Anota%25C3%25A7%25C3%25A3o%2B2020-01-01%2B113010.jpg\" alt=\"\"\/><\/figure>\n\n\n<p>Bom dia, bom 2020 para todos os amigos cultos e ocultos! Para garantir a nossa presen\u00e7a neste novo ano, come\u00e7amos logo j\u00e1 no primeiro dia. E para que seja um ano, musicalmente falando, da melhor qualidade, eu j\u00e1 come\u00e7o com este disco aqui, &#8220;Sei l\u00e1&#8221;, do Herm\u00ednio Bello de Carvalho, tremendo letrista e inigual\u00e1vel produtor, poeta, compositor, escritor&#8230;. Seu nome est\u00e1 presente em boa parte dos melhores trabalhos fonogr\u00e1ficos e musicais realizados nos anos 60, 70, 80 e 90 (isso para n\u00e3o falarmos dos anos dois mil). Herm\u00ednio tem uma longa ficha, um curr\u00edculo invej\u00e1vel e na m\u00fasica, na \u00e1rea de cria\u00e7\u00e3o se destaca pelas in\u00fameras parcerias. Entre os seus parceiros est\u00e3o nomes como Chico Buarque, Pixinguinha, Radam\u00e9s Gnattali, Paulinho da Viola, Francis Hime, Cartola, Baden Powell, Elton Medeiros, Martinho da Vila, Rildo Hora, Sueli Costa e mais um mont\u00e3o de outros compositores da melhor m\u00fasica do mundo, a brasileira. Este lp procura mostrar um pouco disso, das autorias e parcerias. Lan\u00e7ado no in\u00edcio de 1974, o \u00e1lbum traz quinze faixas onde nelas ele mesmo interpreta. Conta com a participa\u00e7\u00e3o da cantora Simone, que pela primeira vez aparecia em disco de outro artista. Acompanhando tudo vem o Luizinho E\u00e7a e seu impec\u00e1vel Tamba Trio (com H\u00e9lcio e Bebeto Castilho). Por a\u00ed j\u00e1 se pode ter uma ideia do que traz essa produ\u00e7\u00e3o. Um disco maravilhoso que por hora passa aqui em minhas m\u00e3os (pena que tenho que devolver, hehehe&#8230;) N\u00e3o deixem de conferir no GTM!<\/p>\n<div>n\u00e3o d\u00e1 pra entender<\/div>\n<div>sei l\u00e1, mangueira<\/div>\n<div>mudando de conversa<\/div>\n<div>o cora\u00e7\u00e3o n\u00e3o errou<\/div>\n<div>isso n\u00e3o se faz<\/div>\n<div>folhas no ar<\/div>\n<div>a pessoa n. 3<\/div>\n<div>fora de hora<\/div>\n<div>malengolentemente<\/div>\n<div>a pessoa n. 5<\/div>\n<div>a pessoa n. 2<\/div>\n<div>a pessoa n. 1<\/div>\n<div>a pessoa n. 4<\/div>\n<div>salamargo<\/div>\n<div>pressentimento<\/div>\n<p><br \/><br \/>.<\/p>","protected":false},"excerpt":{"rendered":"<p>Bom dia, bom 2020 para todos os amigos cultos e ocultos! Para garantir a nossa presen\u00e7a neste novo ano, come\u00e7amos logo j\u00e1 no primeiro dia. E para que seja um ano, musicalmente falando, da melhor qualidade, eu j\u00e1 come\u00e7o com &hellip; <a href=\"https:\/\/www.toque-musicall.com\/?p=7029\">Continue lendo <span class=\"meta-nav\">&rarr;<\/span><\/a><\/p>\n","protected":false},"author":1,"featured_media":0,"comment_status":"open","ping_status":"closed","sticky":false,"template":"","format":"standard","meta":{"footnotes":""},"categories":[3353,244],"tags":[3354],"class_list":["post-7029","post","type-post","status-publish","format-standard","hentry","category-herminio-bello-de-carvalho","category-selo-emi-odeon","tag-herminio-bello-de-carvalho"],"_links":{"self":[{"href":"https:\/\/www.toque-musicall.com\/index.php?rest_route=\/wp\/v2\/posts\/7029","targetHints":{"allow":["GET"]}}],"collection":[{"href":"https:\/\/www.toque-musicall.com\/index.php?rest_route=\/wp\/v2\/posts"}],"about":[{"href":"https:\/\/www.toque-musicall.com\/index.php?rest_route=\/wp\/v2\/types\/post"}],"author":[{"embeddable":true,"href":"https:\/\/www.toque-musicall.com\/index.php?rest_route=\/wp\/v2\/users\/1"}],"replies":[{"embeddable":true,"href":"https:\/\/www.toque-musicall.com\/index.php?rest_route=%2Fwp%2Fv2%2Fcomments&post=7029"}],"version-history":[{"count":1,"href":"https:\/\/www.toque-musicall.com\/index.php?rest_route=\/wp\/v2\/posts\/7029\/revisions"}],"predecessor-version":[{"id":7030,"href":"https:\/\/www.toque-musicall.com\/index.php?rest_route=\/wp\/v2\/posts\/7029\/revisions\/7030"}],"wp:attachment":[{"href":"https:\/\/www.toque-musicall.com\/index.php?rest_route=%2Fwp%2Fv2%2Fmedia&parent=7029"}],"wp:term":[{"taxonomy":"category","embeddable":true,"href":"https:\/\/www.toque-musicall.com\/index.php?rest_route=%2Fwp%2Fv2%2Fcategories&post=7029"},{"taxonomy":"post_tag","embeddable":true,"href":"https:\/\/www.toque-musicall.com\/index.php?rest_route=%2Fwp%2Fv2%2Ftags&post=7029"}],"curies":[{"name":"wp","href":"https:\/\/api.w.org\/{rel}","templated":true}]}}