{"id":7031,"date":"2020-01-02T06:57:28","date_gmt":"2020-01-02T09:57:28","guid":{"rendered":"http:\/\/www.toque-musicall.com\/?p=7031"},"modified":"2020-01-02T06:57:28","modified_gmt":"2020-01-02T09:57:28","slug":"os-seis-em-ponto-1966","status":"publish","type":"post","link":"https:\/\/www.toque-musicall.com\/?p=7031","title":{"rendered":"Os Seis Em Ponto (1966)"},"content":{"rendered":"\n<figure class=\"wp-block-image size-large\"><img decoding=\"async\" src=\"https:\/\/1.bp.blogspot.com\/-nGgDTqazpqo\/XgzwBjW6bcI\/AAAAAAAAQQM\/sngurKJsXEE_lD3xLH_jNUp6LnlmqYXjQCLcBGAsYHQ\/s640\/Anota%25C3%25A7%25C3%25A3o%2B2019-12-10%2B234909.jpg\" alt=\"\"\/><\/figure>\n\n\n\n<figure class=\"wp-block-image size-large\"><img decoding=\"async\" src=\"https:\/\/1.bp.blogspot.com\/-Fxkw4hCPMlo\/XgzwBzH928I\/AAAAAAAAQQQ\/MQ5Gi3rNw0Q4YRHzSqP4erHu7ZEgZMh7QCLcBGAsYHQ\/s640\/Anota%25C3%25A7%25C3%25A3o%2B2019-12-10%2B235006.jpg\" alt=\"\"\/><\/figure>\n\n\n<p>Bom dia, amigos cultos e ocultos! Depois de chegarmos a mais de 3 mil t\u00edtulos\/discos postados aqui a gente come\u00e7a a n\u00e3o mais lembrar do que j\u00e1 publicou. Da\u00ed, temos antes que verificar no index para n\u00e3o repetirmos a postagem. Hoje, farei diferente. Temos aqui o raro e \u00fanico exemplar do conjunto de bossa nova do Francis Hime, Os Seis em Ponto. Este foi o disco de estr\u00e9ia de seis &#8216;garotos&#8217;, como definiu Ronaldo Boscoli no texto de contracapa do disco. Todos estreantes no mundo do disco, mas desde cedo focados na ideia de formarem um conjunto musical. E foi em 1966 que eles conseguiram gravar e lan\u00e7ar este \u00e1lbum pelo selo RGE. Formado por Francis Hime (piano), Alberto Hekel Taveres (flauta), Carlos Alberto Cumar\u00e3o (trombone), Nelson Motta (viol\u00e3o), Carlos Eduardo Sadock de S\u00e1 (contrabaixo) e Jo\u00e3o Jorge Vargas (bateria), Os Seis em Ponto nos apresenta um repert\u00f3rio fino e moderno para sua \u00e9poca. M\u00fasicas de Tom Jobim, Carlos Lyra, Vin\u00edcius de Moraes, Th\u00e9o, Oscar Castro Neves, Edu Lobo, Roberto Menescal e Ronaldo Boscoli e tamb\u00e9m composi\u00e7\u00f5es de Francis Hime em parceria com Jo\u00e3o Vitorio: &#8220;Mar Azul&#8221;, &#8220;Amor A Esmo&#8221; e &#8220;Se Voc\u00ea Pensar&#8221;. Os arranjos s\u00e3o tamb\u00e9m de Francis Hime. Um disco que conta ainda com texto de Tom Jobim. Tido como uma promessa de sucesso, infelizmente Os Seis em Ponto, mesmo com um repert\u00f3rio de primeir\u00edssima, n\u00e3o chegou a emplacar. Por outro lado, seus membros seguiram cada qual um caminho. Francis e Nelson Motta foram os que mais se destacaram seguindo carreiras de sucessos e reconhecimento de p\u00fablico. Mais uma vez vamos traz\u00ea-los para o nosso toque, at\u00e9 porque, desta vez o pacote vem completo, com capa, contracapa e selos. N\u00e3o deixem de conferir no GTM.<\/p>\n<div>samba carioca<\/div>\n<div>in\u00fatil paisagem<\/div>\n<div>mar azul<\/div>\n<div>luciana<\/div>\n<div>borand\u00e1<\/div>\n<div>amor a esmo<\/div>\n<div>a paz de um homem s\u00f3<\/div>\n<div>sem mais adeus<\/div>\n<div>se voc\u00ea pensar<\/div>\n<div>can\u00e7\u00e3o da liberdade<\/div>\n<div>s\u00f3 tinha de ser voc\u00ea<\/div>\n<div>o menino das laranjas<\/div>\n<div>\u00a0<\/div>\n<p><br \/>.<\/p>","protected":false},"excerpt":{"rendered":"<p>Bom dia, amigos cultos e ocultos! Depois de chegarmos a mais de 3 mil t\u00edtulos\/discos postados aqui a gente come\u00e7a a n\u00e3o mais lembrar do que j\u00e1 publicou. Da\u00ed, temos antes que verificar no index para n\u00e3o repetirmos a postagem. &hellip; <a href=\"https:\/\/www.toque-musicall.com\/?p=7031\">Continue lendo <span class=\"meta-nav\">&rarr;<\/span><\/a><\/p>\n","protected":false},"author":1,"featured_media":0,"comment_status":"closed","ping_status":"closed","sticky":false,"template":"","format":"standard","meta":{"footnotes":""},"categories":[1568,1934,153],"tags":[3091],"class_list":["post-7031","post","type-post","status-publish","format-standard","hentry","category-francis-hime","category-os-seis-em-ponto","category-selo-rge","tag-selo-rge"],"_links":{"self":[{"href":"https:\/\/www.toque-musicall.com\/index.php?rest_route=\/wp\/v2\/posts\/7031","targetHints":{"allow":["GET"]}}],"collection":[{"href":"https:\/\/www.toque-musicall.com\/index.php?rest_route=\/wp\/v2\/posts"}],"about":[{"href":"https:\/\/www.toque-musicall.com\/index.php?rest_route=\/wp\/v2\/types\/post"}],"author":[{"embeddable":true,"href":"https:\/\/www.toque-musicall.com\/index.php?rest_route=\/wp\/v2\/users\/1"}],"replies":[{"embeddable":true,"href":"https:\/\/www.toque-musicall.com\/index.php?rest_route=%2Fwp%2Fv2%2Fcomments&post=7031"}],"version-history":[{"count":1,"href":"https:\/\/www.toque-musicall.com\/index.php?rest_route=\/wp\/v2\/posts\/7031\/revisions"}],"predecessor-version":[{"id":7032,"href":"https:\/\/www.toque-musicall.com\/index.php?rest_route=\/wp\/v2\/posts\/7031\/revisions\/7032"}],"wp:attachment":[{"href":"https:\/\/www.toque-musicall.com\/index.php?rest_route=%2Fwp%2Fv2%2Fmedia&parent=7031"}],"wp:term":[{"taxonomy":"category","embeddable":true,"href":"https:\/\/www.toque-musicall.com\/index.php?rest_route=%2Fwp%2Fv2%2Fcategories&post=7031"},{"taxonomy":"post_tag","embeddable":true,"href":"https:\/\/www.toque-musicall.com\/index.php?rest_route=%2Fwp%2Fv2%2Ftags&post=7031"}],"curies":[{"name":"wp","href":"https:\/\/api.w.org\/{rel}","templated":true}]}}