{"id":7033,"date":"2020-01-03T07:16:04","date_gmt":"2020-01-03T10:16:04","guid":{"rendered":"http:\/\/www.toque-musicall.com\/?p=7033"},"modified":"2020-01-03T18:50:22","modified_gmt":"2020-01-03T21:50:22","slug":"pablo-neruda-1968","status":"publish","type":"post","link":"https:\/\/www.toque-musicall.com\/?p=7033","title":{"rendered":"Pablo Neruda (1968)"},"content":{"rendered":"\n<figure class=\"wp-block-image size-large\"><img decoding=\"async\" src=\"https:\/\/1.bp.blogspot.com\/-Pk8YewjWsvY\/Xg6XwVQkvDI\/AAAAAAAAQQk\/yj1RkUFf-lYRYZISHPW-icY1-kqlMiVDgCLcBGAsYHQ\/s640\/Anota%25C3%25A7%25C3%25A3o%2B2020-01-02%2B223538.jpg\" alt=\"\"\/><\/figure>\n\n\n\n<figure class=\"wp-block-image size-large\"><img decoding=\"async\" src=\"https:\/\/1.bp.blogspot.com\/-PQvude5ORvM\/Xg6Xv7PCczI\/AAAAAAAAQQg\/-XGYF4p_0xkPr_OMopmr1sZu3bBPwcYGgCLcBGAsYHQ\/s640\/Anota%25C3%25A7%25C3%25A3o%2B2020-01-02%2B223615.jpg\" alt=\"\"\/><\/figure>\n\n\n<p>Bom dia, amigos cultos e ocultos! Hoje o nosso toque \u00e9 mais que musical, \u00e9 po\u00e9tico. Afinal, n\u00e3o \u00e9 de hoje que os poetas tamb\u00e9m nos visitam e muito temos de poesia gravada, discos memor\u00e1veis que nunca poderiam faltar por aqui. Temos assim o grande Pablo Neruda, poeta que dispensa maiores apresenta\u00e7\u00f5es, at\u00e9 porque essa n\u00e3o \u00e9 a primeira vez que o apresentamos no Toque Musical. Neruda n\u00e3o foi um poeta brasileiro. Nasceu e viveu no Chile, mas como todo grande poeta as fronteiras n\u00e3o existem, ainda mais sendo este um poeta latino-americano, amigo e irm\u00e3o de tantos outros poetas brasileiros, contempor\u00e2neo de um mesmo momento conturbando nesse nosso continente. Neruda faz parte tamb\u00e9m do nosso mundo po\u00e9tico e entre muitos ele foi um dos poucos poetas estrangeiros a fazer parte da discoteca produzida pelo selo Festa, de Irineu Garcia. Aqui temos um pequeno aperitivo, um raro compacto, extra\u00eddo de um disco maior, um lp, tamb\u00e9m lan\u00e7ado por esse selo, com grava\u00e7\u00f5es originais na voz do pr\u00f3prio poeta. H\u00e1, inclusive, um poema dedicado ao poeta brasileiro Castro Alves (Castro Alves del Brasil). Compacto, pode-se dizer, de luxo, frente aos seu pares. Com capa bem produzida trazendo tamb\u00e9m um texto de apresenta\u00e7\u00e3o escrito por outro poeta e escritor, Rubem Braga. N\u00e3o deixem de conferir mais essa raridade que voc\u00eas s\u00f3 encontram aqui, no GTM (e em prazo limitado).<\/p>\n<div>una canci\u00f3n desesperada<\/div>\n<div>castro alves del brasil<\/div>\n<div>un hombre invisible<\/div>\n<p>.<\/p>","protected":false},"excerpt":{"rendered":"<p>Bom dia, amigos cultos e ocultos! Hoje o nosso toque \u00e9 mais que musical, \u00e9 po\u00e9tico. Afinal, n\u00e3o \u00e9 de hoje que os poetas tamb\u00e9m nos visitam e muito temos de poesia gravada, discos memor\u00e1veis que nunca poderiam faltar por &hellip; <a href=\"https:\/\/www.toque-musicall.com\/?p=7033\">Continue lendo <span class=\"meta-nav\">&rarr;<\/span><\/a><\/p>\n","protected":false},"author":1,"featured_media":0,"comment_status":"closed","ping_status":"closed","sticky":false,"template":"","format":"standard","meta":{"footnotes":""},"categories":[3356,517],"tags":[3357,3358],"class_list":["post-7033","post","type-post","status-publish","format-standard","hentry","category-pablo-neruda","category-selo-festa","tag-pablo-neruda","tag-selo-festa"],"_links":{"self":[{"href":"https:\/\/www.toque-musicall.com\/index.php?rest_route=\/wp\/v2\/posts\/7033","targetHints":{"allow":["GET"]}}],"collection":[{"href":"https:\/\/www.toque-musicall.com\/index.php?rest_route=\/wp\/v2\/posts"}],"about":[{"href":"https:\/\/www.toque-musicall.com\/index.php?rest_route=\/wp\/v2\/types\/post"}],"author":[{"embeddable":true,"href":"https:\/\/www.toque-musicall.com\/index.php?rest_route=\/wp\/v2\/users\/1"}],"replies":[{"embeddable":true,"href":"https:\/\/www.toque-musicall.com\/index.php?rest_route=%2Fwp%2Fv2%2Fcomments&post=7033"}],"version-history":[{"count":2,"href":"https:\/\/www.toque-musicall.com\/index.php?rest_route=\/wp\/v2\/posts\/7033\/revisions"}],"predecessor-version":[{"id":7037,"href":"https:\/\/www.toque-musicall.com\/index.php?rest_route=\/wp\/v2\/posts\/7033\/revisions\/7037"}],"wp:attachment":[{"href":"https:\/\/www.toque-musicall.com\/index.php?rest_route=%2Fwp%2Fv2%2Fmedia&parent=7033"}],"wp:term":[{"taxonomy":"category","embeddable":true,"href":"https:\/\/www.toque-musicall.com\/index.php?rest_route=%2Fwp%2Fv2%2Fcategories&post=7033"},{"taxonomy":"post_tag","embeddable":true,"href":"https:\/\/www.toque-musicall.com\/index.php?rest_route=%2Fwp%2Fv2%2Ftags&post=7033"}],"curies":[{"name":"wp","href":"https:\/\/api.w.org\/{rel}","templated":true}]}}