{"id":704,"date":"2010-09-26T23:23:00","date_gmt":"2010-09-26T23:23:00","guid":{"rendered":"http:\/\/www.toque-musicall.com\/?p=704"},"modified":"2010-09-26T23:23:00","modified_gmt":"2010-09-26T23:23:00","slug":"jards-macale-disco-mix-promocional-1987","status":"publish","type":"post","link":"https:\/\/www.toque-musicall.com\/?p=704","title":{"rendered":"Jards Macal\u00e9 &#8211; Disco Mix Promocional (1987)"},"content":{"rendered":"<p><a href=\"http:\/\/4.bp.blogspot.com\/_DSKVEvHtskc\/TJ_WjLAWk9I\/AAAAAAAAHD0\/MAWQKYUzLxI\/s1600\/jards+P.JPG\"><img decoding=\"async\" style=\"TEXT-ALIGN: center; MARGIN: 0px auto 10px; WIDTH: 400px; DISPLAY: block; HEIGHT: 400px; CURSOR: hand\" id=\"BLOGGER_PHOTO_ID_5521367567917552594\" border=\"0\" alt=\"\" src=\"http:\/\/4.bp.blogspot.com\/_DSKVEvHtskc\/TJ_WjLAWk9I\/AAAAAAAAHD0\/MAWQKYUzLxI\/s400\/jards+P.JPG\" \/><\/a>Boa noite, amigos cultos e ocultos! E depois do Melodia e do Sampaio, outro artista que cai bem no clima \u00e9 o Jards Macal\u00e9. \u00c9 ou n\u00e3o \u00e9? Segue aqui ent\u00e3o este disco promocional, com duas faixas exclusivas, onde Macal\u00e9 nos apresenta a sua divertida vers\u00e3o para &#8220;Blues Suede Shoes&#8221; de Carl Perkins (samba rock, unplugged!) e &#8220;Rio sem Tom&#8221;, um momento de desilus\u00e3o com o Rio, um &#8216;fonocoment\u00e1rio maxixento brasileiro&#8217; (segundo o pr\u00f3prio autor). Esse tal disco &#8216;Mix&#8217; foi o substituto do compacto nos anos 80. V\u00e1rias gravadoras chegaram a usar esse tipo de disco que antecedia ao lan\u00e7amento do \u00e1lbum oficial. No caso do Macal\u00e9 eu n\u00e3o sei dizer&#8230;<br \/>Putz! T\u00e1 vindo muita chuva a\u00ed. Acho que vou parar por aqui. Pensei em postar hoje ainda uns compactos, mas acho que vou deixar isso para amanh\u00e3. L\u00e1 vem chuva&#8230;<\/p>\n<div align=\"center\">blues suede shoes<\/div>\n<div align=\"center\">rio sem tom<\/div>\n<div align=\"center\"> <\/div>\n<div align=\"center\"> <\/div>\n","protected":false},"excerpt":{"rendered":"<p>Boa noite, amigos cultos e ocultos! E depois do Melodia e do Sampaio, outro artista que cai bem no clima \u00e9 o Jards Macal\u00e9. \u00c9 ou n\u00e3o \u00e9? Segue aqui ent\u00e3o este disco promocional, com duas faixas exclusivas, onde Macal\u00e9 &hellip; <a href=\"https:\/\/www.toque-musicall.com\/?p=704\">Continue lendo <span class=\"meta-nav\">&rarr;<\/span><\/a><\/p>\n","protected":false},"author":1,"featured_media":0,"comment_status":"open","ping_status":"closed","sticky":false,"template":"","format":"standard","meta":{"footnotes":""},"categories":[1003],"tags":[],"class_list":["post-704","post","type-post","status-publish","format-standard","hentry","category-jards-macale"],"_links":{"self":[{"href":"https:\/\/www.toque-musicall.com\/index.php?rest_route=\/wp\/v2\/posts\/704","targetHints":{"allow":["GET"]}}],"collection":[{"href":"https:\/\/www.toque-musicall.com\/index.php?rest_route=\/wp\/v2\/posts"}],"about":[{"href":"https:\/\/www.toque-musicall.com\/index.php?rest_route=\/wp\/v2\/types\/post"}],"author":[{"embeddable":true,"href":"https:\/\/www.toque-musicall.com\/index.php?rest_route=\/wp\/v2\/users\/1"}],"replies":[{"embeddable":true,"href":"https:\/\/www.toque-musicall.com\/index.php?rest_route=%2Fwp%2Fv2%2Fcomments&post=704"}],"version-history":[{"count":0,"href":"https:\/\/www.toque-musicall.com\/index.php?rest_route=\/wp\/v2\/posts\/704\/revisions"}],"wp:attachment":[{"href":"https:\/\/www.toque-musicall.com\/index.php?rest_route=%2Fwp%2Fv2%2Fmedia&parent=704"}],"wp:term":[{"taxonomy":"category","embeddable":true,"href":"https:\/\/www.toque-musicall.com\/index.php?rest_route=%2Fwp%2Fv2%2Fcategories&post=704"},{"taxonomy":"post_tag","embeddable":true,"href":"https:\/\/www.toque-musicall.com\/index.php?rest_route=%2Fwp%2Fv2%2Ftags&post=704"}],"curies":[{"name":"wp","href":"https:\/\/api.w.org\/{rel}","templated":true}]}}