{"id":7047,"date":"2020-01-06T22:31:19","date_gmt":"2020-01-07T01:31:19","guid":{"rendered":"http:\/\/www.toque-musicall.com\/?p=7047"},"modified":"2020-01-06T22:35:50","modified_gmt":"2020-01-07T01:35:50","slug":"iv-festival-internacional-da-cancao-popular-rio-1969","status":"publish","type":"post","link":"https:\/\/www.toque-musicall.com\/?p=7047","title":{"rendered":"IV Festival Internacional Da Can\u00e7\u00e3o Popular Rio (1969)"},"content":{"rendered":"\n<figure class=\"wp-block-image size-large\"><img decoding=\"async\" src=\"https:\/\/1.bp.blogspot.com\/-880bdX9LOGM\/XhPQcB_3whI\/AAAAAAAAQRs\/P2252CcaiCA8ZQJB5OrOFNh8pCNiHNlfgCEwYBhgL\/s640\/Anota%25C3%25A7%25C3%25A3o%2B2020-01-06%2B213558.jpg\" alt=\"\"\/><\/figure>\n\n\n\n<figure class=\"wp-block-image size-large\"><img decoding=\"async\" src=\"https:\/\/1.bp.blogspot.com\/-hqKH6uPU5Xw\/XhPQccRklcI\/AAAAAAAAQRw\/yTmx_xq_1eMSGGiESfmbyeUhJFeAPhjXACEwYBhgL\/s640\/Anota%25C3%25A7%25C3%25A3o%2B2020-01-06%2B213640.jpg\" alt=\"\"\/><\/figure>\n\n\n<div class=\"article-content entry-content\">Boa noite, amigos cultos e ocultos! Estou trazendo para voc\u00eas um disco dos mais interessantes de festivais de m\u00fasica e que por curiosidade, muita gente n\u00e3o sabe o que est\u00e1 perdendo. At\u00e9 mesmo no Mercado Livre, ou ainda, no Discogs, ningu\u00e9m percebeu que precioso registro \u00e9 essa edi\u00e7\u00e3o. Penso que, talvez pelo fato de n\u00e3o trazer em sua capa ou contracapa a lista de m\u00fasicos e m\u00fasicas, acabou ficando meio de lado&#8230; Nem mesmo em blogs eu o cheguei a ver publicado. Este \u00e9 um disco de IV Festival Internacional da Can\u00e7\u00e3o Popular Rio, de 1969, fase nacional, um \u00e1lbum duplo com 18 das can\u00e7\u00f5es classificadas. M\u00fasicas at\u00e9 ent\u00e3o in\u00e9ditas, em grava\u00e7\u00e3o feita ao vivo, no Maracan\u00e3zinho. Temos aqui alguns ilustres nomes com Jorge Ben, Claudette Soares, MPB-4, Mutantes, Os Diagonais, Egberto Gismonti, Joyce e muitos outros. Quem \u00e9 f\u00e3 ou colecionador de alguns desses artistas tem aqui um momento in\u00e9dito e imperd\u00edvel. Discos de festivais s\u00e3o registros importantes que mereciam maior aten\u00e7\u00e3o por parte do p\u00fablico, este mais ainda por ser uma edi\u00e7\u00e3o especial. N\u00e3o deixem de conferir&#8230;\n<p>\u00a0<\/p>\n<div>charles anjo 45 &#8211; jorge ben<\/div>\n<div>juliana &#8211; claudette soares<\/div>\n<div>anuncia\u00e7\u00e3o &#8211; mpb-4<\/div>\n<div>quem mandou &#8211; marcos sann<\/div>\n<div>o tempo e o vento &#8211; malu<\/div>\n<div>ando meio desligado &#8211; mutantes<\/div>\n<div>beira vida &#8211; eduardo conde<\/div>\n<div>beijo sideral &#8211; marcos samn<\/div>\n<div>o mercador de serpentes &#8211; egberto gismonti<\/div>\n<div>madrugada, carnaval e chuva &#8211; darcy da mangueira<\/div>\n<div>minha marisa &#8211; os diagonais<\/div>\n<div>bem te vi &#8211; dorinha tapaj\u00f3s<\/div>\n<div>levan\u00e7a &#8211; milton santana<\/div>\n<div>na roda do vento &#8211; ruy felipe<\/div>\n<div>ves\u00e3o geral &#8211; quarteto 004<\/div>\n<div>can\u00e7\u00e3o por luciana &#8211; regininha<\/div>\n<div>copacabana velha de guerra &#8211; joyce<\/div>\n<div>longe do tempo &#8211; o bando<\/div>\n<p>.<\/p>\n<\/div>\n<div class=\"article-footer\">\u00a0<\/div>","protected":false},"excerpt":{"rendered":"<p>Boa noite, amigos cultos e ocultos! Estou trazendo para voc\u00eas um disco dos mais interessantes de festivais de m\u00fasica e que por curiosidade, muita gente n\u00e3o sabe o que est\u00e1 perdendo. At\u00e9 mesmo no Mercado Livre, ou ainda, no Discogs, &hellip; <a href=\"https:\/\/www.toque-musicall.com\/?p=7047\">Continue lendo <span class=\"meta-nav\">&rarr;<\/span><\/a><\/p>\n","protected":false},"author":1,"featured_media":0,"comment_status":"open","ping_status":"closed","sticky":false,"template":"","format":"standard","meta":{"footnotes":""},"categories":[278,48],"tags":[3367,3364,3188,3365,3368,3363,3369,3366,3012],"class_list":["post-7047","post","type-post","status-publish","format-standard","hentry","category-festivais","category-selo-philips","tag-claudette-soares","tag-festivais","tag-joyce","tag-mpb-4","tag-mutantes","tag-o-bando","tag-os-diagonais","tag-quarteto-004","tag-selo-philips"],"_links":{"self":[{"href":"https:\/\/www.toque-musicall.com\/index.php?rest_route=\/wp\/v2\/posts\/7047","targetHints":{"allow":["GET"]}}],"collection":[{"href":"https:\/\/www.toque-musicall.com\/index.php?rest_route=\/wp\/v2\/posts"}],"about":[{"href":"https:\/\/www.toque-musicall.com\/index.php?rest_route=\/wp\/v2\/types\/post"}],"author":[{"embeddable":true,"href":"https:\/\/www.toque-musicall.com\/index.php?rest_route=\/wp\/v2\/users\/1"}],"replies":[{"embeddable":true,"href":"https:\/\/www.toque-musicall.com\/index.php?rest_route=%2Fwp%2Fv2%2Fcomments&post=7047"}],"version-history":[{"count":2,"href":"https:\/\/www.toque-musicall.com\/index.php?rest_route=\/wp\/v2\/posts\/7047\/revisions"}],"predecessor-version":[{"id":7049,"href":"https:\/\/www.toque-musicall.com\/index.php?rest_route=\/wp\/v2\/posts\/7047\/revisions\/7049"}],"wp:attachment":[{"href":"https:\/\/www.toque-musicall.com\/index.php?rest_route=%2Fwp%2Fv2%2Fmedia&parent=7047"}],"wp:term":[{"taxonomy":"category","embeddable":true,"href":"https:\/\/www.toque-musicall.com\/index.php?rest_route=%2Fwp%2Fv2%2Fcategories&post=7047"},{"taxonomy":"post_tag","embeddable":true,"href":"https:\/\/www.toque-musicall.com\/index.php?rest_route=%2Fwp%2Fv2%2Ftags&post=7047"}],"curies":[{"name":"wp","href":"https:\/\/api.w.org\/{rel}","templated":true}]}}