{"id":705,"date":"2010-09-24T11:42:00","date_gmt":"2010-09-24T11:42:00","guid":{"rendered":"http:\/\/www.toque-musicall.com\/?p=705"},"modified":"2010-09-24T11:42:00","modified_gmt":"2010-09-24T11:42:00","slug":"sergio-sampaio-ao-vivo-no-cabare-mineiro-2010","status":"publish","type":"post","link":"https:\/\/www.toque-musicall.com\/?p=705","title":{"rendered":"S\u00e9rgio Sampaio &#8211; Ao Vivo No Cabar\u00e9 Mineiro (2010)"},"content":{"rendered":"<p><u><span style=\"color:#0000ff;\"><\/span><\/u><a href=\"http:\/\/2.bp.blogspot.com\/_DSKVEvHtskc\/TJ3BnTuNKhI\/AAAAAAAAHDc\/4ZVV2twpcts\/s1600\/Sergio+Sampaio+Ao+vivo+No+Cabare+Mineiro.JPG\"><img decoding=\"async\" style=\"TEXT-ALIGN: center; MARGIN: 0px auto 10px; WIDTH: 400px; DISPLAY: block; HEIGHT: 398px; CURSOR: hand\" id=\"BLOGGER_PHOTO_ID_5520781599279229458\" border=\"0\" alt=\"\" src=\"http:\/\/2.bp.blogspot.com\/_DSKVEvHtskc\/TJ3BnTuNKhI\/AAAAAAAAHDc\/4ZVV2twpcts\/s400\/Sergio+Sampaio+Ao+vivo+No+Cabare+Mineiro.JPG\" \/><\/a>Ol\u00e1 amigos cultos e ocultos! Hoje \u00e9 sexta feira, dia de independ\u00eancia musical. Antes por\u00e9m, de falarmos sobre &#8216;o disco&#8217; da postagem, eu gostaria de mandar um al\u00f4 ao amigo Zeca Louro, que muito bem lembrado por um de nossos visitantes, est\u00e1 h\u00e1 um ano sem atividade em seu maravilhoso Loronix. Com certeza, ele tem deixado muitos de n\u00f3s ansiosos pela sua volta. O mist\u00e9rio envolvendo o seu desaparecimento \u00e9 que nos deixa mais agoniados. Seja l\u00e1 onde ele estiver, desejo-lhe tudo de bom. Em sua homenagem eu dedico esta postagem. Sei que o Zeca era um f\u00e3 incondicional do S\u00e9rgio Sampaio.<\/p>\n<div>\n<div>\n<div>H\u00e1 pouco mais de uma semana tive o prazer de receber, do amigo <a href=\"http:\/\/trixvinylrips.blogspot.com\/\">Trix<\/a>, um registro digitalizado de partes de um show do poeta maldito S\u00e9rgio Sampaio, realizado em Belo Horizonte, em 1986, na extinta e saudosa casa de espet\u00e1culo, o Cabar\u00e9 Mineiro. Me lembro de ter visto por l\u00e1 shows maravilhosos, de artistas nacionais e internacionais. Ta\u00ed uma das coisas boas dos anos 80, n\u00e3o posso negar. Este show aconteceu na noite do dia 21 de abril de 1986. S\u00e9rgio veio a Beag\u00e1 acompanhado do violonista (hoje ainda mais destacado) Moacyr Luz. Para este registro, eu fiz quest\u00e3o de produzir a arte (completa) e ainda dei um trato no \u00e1udio e uma nova editada. Pelo que me informou o Trix, este registro ele conseguiu de um colecionador. A grava\u00e7\u00e3o foi feita em fita cassete, talvez extra\u00edda diretamente da mesa de som, quase n\u00e3o se escuta a plat\u00e9ia. As vezes, at\u00e9 se tem a impress\u00e3o de que o local devia estar meio vazio, mas n\u00e3o estava n\u00e3o. Tenho um amigo que assistiu ao show, comentei com ele sobre esta grava\u00e7\u00e3o. Ele disse que a Casa estava sempre cheia, inclusive nesse dia do show do S\u00e9rgio. O grande barato da grava\u00e7\u00e3o \u00e9 conter ali algumas m\u00fasicas, at\u00e9 ent\u00e3o, in\u00e9ditas. Coisas que s\u00f3 viriam a aparecer no \u00e1lbum p\u00f3stumo, &#8220;Cruel&#8221;, produzido por Zeca Baleiro. H\u00e1 tamb\u00e9m duas outras m\u00fasicas ainda hoje in\u00e9ditas, as quais n\u00e3o sabemos o nome. Eu tomei a liberdade de nome\u00e1-las como &#8220;Eu n\u00e3o minto quanto fa\u00e7o&#8221; e &#8220;O que eu sinto agora&#8221;. S\u00e3o t\u00edtulos que me pareceram mais adequados para essas can\u00e7\u00f5es, frases chaves contidas nas letras. Agrade\u00e7o mais uma vez ao amigo Trix, que nos brindou com essa pedra bruta. Salve S\u00e9rgio Sampaio! Um artista pr\u00e1 l\u00e1 de genial \ud83d\ude42 Confiram&#8230; \ud83d\ude09<\/div>\n<p><\/p>\n<div align=\"center\">viajei de trem<\/div>\n<div align=\"center\">pobre meu pai<\/div>\n<div align=\"center\">cala a boca zebedeu<\/div>\n<div align=\"center\">quatro paredes<\/div>\n<div align=\"center\">eu quero \u00e9 botar meu bloco na rua<\/div>\n<div align=\"center\">que loucura<\/div>\n<div align=\"center\">eu n\u00e3o minto quando fa\u00e7o<\/div>\n<div align=\"center\">meu pobre blues<\/div>\n<div align=\"center\">roda morta (reflex\u00f5es de um executivo)<\/div>\n<div align=\"center\">cabras pastando<\/div>\n<div align=\"center\">ningu\u00e9m vive por mim<\/div>\n<div align=\"center\">o que eu sinto agora<\/div>\n<p><\/p>\n<div align=\"center\"> <\/div>\n<\/div>\n<\/div>\n","protected":false},"excerpt":{"rendered":"<p>Ol\u00e1 amigos cultos e ocultos! Hoje \u00e9 sexta feira, dia de independ\u00eancia musical. Antes por\u00e9m, de falarmos sobre &#8216;o disco&#8217; da postagem, eu gostaria de mandar um al\u00f4 ao amigo Zeca Louro, que muito bem lembrado por um de nossos &hellip; <a href=\"https:\/\/www.toque-musicall.com\/?p=705\">Continue lendo <span class=\"meta-nav\">&rarr;<\/span><\/a><\/p>\n","protected":false},"author":1,"featured_media":0,"comment_status":"open","ping_status":"closed","sticky":false,"template":"","format":"standard","meta":{"footnotes":""},"categories":[165],"tags":[],"class_list":["post-705","post","type-post","status-publish","format-standard","hentry","category-sergio-sampaio"],"_links":{"self":[{"href":"https:\/\/www.toque-musicall.com\/index.php?rest_route=\/wp\/v2\/posts\/705","targetHints":{"allow":["GET"]}}],"collection":[{"href":"https:\/\/www.toque-musicall.com\/index.php?rest_route=\/wp\/v2\/posts"}],"about":[{"href":"https:\/\/www.toque-musicall.com\/index.php?rest_route=\/wp\/v2\/types\/post"}],"author":[{"embeddable":true,"href":"https:\/\/www.toque-musicall.com\/index.php?rest_route=\/wp\/v2\/users\/1"}],"replies":[{"embeddable":true,"href":"https:\/\/www.toque-musicall.com\/index.php?rest_route=%2Fwp%2Fv2%2Fcomments&post=705"}],"version-history":[{"count":0,"href":"https:\/\/www.toque-musicall.com\/index.php?rest_route=\/wp\/v2\/posts\/705\/revisions"}],"wp:attachment":[{"href":"https:\/\/www.toque-musicall.com\/index.php?rest_route=%2Fwp%2Fv2%2Fmedia&parent=705"}],"wp:term":[{"taxonomy":"category","embeddable":true,"href":"https:\/\/www.toque-musicall.com\/index.php?rest_route=%2Fwp%2Fv2%2Fcategories&post=705"},{"taxonomy":"post_tag","embeddable":true,"href":"https:\/\/www.toque-musicall.com\/index.php?rest_route=%2Fwp%2Fv2%2Ftags&post=705"}],"curies":[{"name":"wp","href":"https:\/\/api.w.org\/{rel}","templated":true}]}}