{"id":706,"date":"2010-09-23T13:33:00","date_gmt":"2010-09-23T13:33:00","guid":{"rendered":"http:\/\/www.toque-musicall.com\/?p=706"},"modified":"2010-09-23T13:33:00","modified_gmt":"2010-09-23T13:33:00","slug":"waldir-calmon-e-o-espetaculo-continua-1963","status":"publish","type":"post","link":"https:\/\/www.toque-musicall.com\/?p=706","title":{"rendered":"Waldir Calmon &#8211; E O Espet\u00e1culo Continua&#8230; (1963)"},"content":{"rendered":"<p><a href=\"http:\/\/3.bp.blogspot.com\/_DSKVEvHtskc\/TJt7M68SkrI\/AAAAAAAAHCs\/nCqAuJvZMqM\/s1600\/waldir+Calmon+P.JPG\"><img decoding=\"async\" id=\"BLOGGER_PHOTO_ID_5520141230183453362\" style=\"DISPLAY: block; MARGIN: 0px auto 10px; WIDTH: 400px; CURSOR: hand; HEIGHT: 398px; TEXT-ALIGN: center\" alt=\"\" src=\"http:\/\/3.bp.blogspot.com\/_DSKVEvHtskc\/TJt7M68SkrI\/AAAAAAAAHCs\/nCqAuJvZMqM\/s400\/waldir+Calmon+P.JPG\" border=\"0\" \/><\/a>E nessa de bater na mesma tecla, s\u00f3 de pirra\u00e7a, eu vou insistir&#8230; Vou postando aqui mais um disco do Waldir Calmon. Depois que eu passei a conhecer melhor o trabalho deste artista tive naturalmente que rever os meus conceitos. J\u00e1 falei isso outras vez e repito. O Waldir era mesmo \u00f3timo, quanto mais eu escuto, mais eu aprecio.<br \/>Aqui temos um \u00e1lbum gravado em 1963 e relan\u00e7ado em 1982. Um disco que celebra a era da m\u00fasica mec\u00e2nica, ou seja, aquela que \u00e9 tocada atrav\u00e9s de um &#8216;disc jockey&#8221;. No in\u00edcio dos anos 60 come\u00e7aram a pipocar as casas noturnas, onde a m\u00fasica n\u00e3o era ao vivo. Os m\u00fasicos foram substitu\u00eddos pelas aparelhagens de som e uma pilha de discos, com um profissional exclusivo para atender aos pedidos musicais. Est\u00e1vamos entrando numa nova fase dos discos de longa dura\u00e7\u00e3o. Surgiam os primeiros equipamentos de alta fidelidade, alguns at\u00e9 est\u00e9ro e com uma qualidade de som bem superior ao que existiam antes. Est\u00e1vamos entrando na modernidade, procurando nos espelhar (caricaturalmente) no &#8220;american way&#8221;. Tivemos at\u00e9 as belas &#8216;jukebox&#8221;, onde a m\u00fasica e artista podiam ser escolhidos no card\u00e1pio da m\u00e1quina, pessoalmente, bastava uma ficha. Para a casa noturna isso era \u00f3timo, baixo custo, sem precisar pagar aos m\u00fasicos. Ao contr\u00e1rio, tinham lucro vendendo as fichas. A situa\u00e7\u00e3o come\u00e7a a mudar quando entra em cena os org\u00e3os normativos e fiscalizadores. Uma consider\u00e1vel porcentagem era reservada aos &#8216;ecads da vida&#8217;, que por sua vez distribuia o lucro entre seus associados. Eu sei de muito artista bom que nunca viu nem o cheiro desses rendimentos. Para muitos, o disco nunca foi uma fonte de renda, servia apenas para dar um certo destaque ou oficializar suas obras. Mas essa \u00e9 uma outra hist\u00f3ria. Melhor mesmo \u00e9 voltarmos ao som dan\u00e7ante do Waldir Calmon, afinal o espet\u00e1culo continua&#8230; Neste trabalho ele vem acompanhado de conjunto, orquestra, c\u00f4ro e os vocais de Yanes e Dina. Disco bacana, podem conferir \ud83d\ude09<\/p>\n<div align=\"center\">\u00e9 s\u00f3 querer<\/div>\n<div align=\"center\">eu nasci no morro<\/div>\n<div align=\"center\">bom pra mim<\/div>\n<div align=\"center\">o trvador<\/div>\n<div align=\"center\">samba em prel\u00fadio<\/div>\n<div align=\"center\">stella by starlight<\/div>\n<div align=\"center\">saudade e melancolia<\/div>\n<div align=\"center\">completamente a s\u00f3s<\/div>\n<div align=\"center\">babal\u00fa<\/div>\n<div align=\"center\">eu voltei<\/div>\n<div align=\"center\">amar e ci\u00fame<\/div>\n<div align=\"center\"> <\/div>\n<div align=\"center\"> <\/div>\n","protected":false},"excerpt":{"rendered":"<p>E nessa de bater na mesma tecla, s\u00f3 de pirra\u00e7a, eu vou insistir&#8230; Vou postando aqui mais um disco do Waldir Calmon. Depois que eu passei a conhecer melhor o trabalho deste artista tive naturalmente que rever os meus conceitos. &hellip; <a href=\"https:\/\/www.toque-musicall.com\/?p=706\">Continue lendo <span class=\"meta-nav\">&rarr;<\/span><\/a><\/p>\n","protected":false},"author":1,"featured_media":0,"comment_status":"open","ping_status":"closed","sticky":false,"template":"","format":"standard","meta":{"footnotes":""},"categories":[665],"tags":[],"class_list":["post-706","post","type-post","status-publish","format-standard","hentry","category-waldir-calmon"],"_links":{"self":[{"href":"https:\/\/www.toque-musicall.com\/index.php?rest_route=\/wp\/v2\/posts\/706","targetHints":{"allow":["GET"]}}],"collection":[{"href":"https:\/\/www.toque-musicall.com\/index.php?rest_route=\/wp\/v2\/posts"}],"about":[{"href":"https:\/\/www.toque-musicall.com\/index.php?rest_route=\/wp\/v2\/types\/post"}],"author":[{"embeddable":true,"href":"https:\/\/www.toque-musicall.com\/index.php?rest_route=\/wp\/v2\/users\/1"}],"replies":[{"embeddable":true,"href":"https:\/\/www.toque-musicall.com\/index.php?rest_route=%2Fwp%2Fv2%2Fcomments&post=706"}],"version-history":[{"count":0,"href":"https:\/\/www.toque-musicall.com\/index.php?rest_route=\/wp\/v2\/posts\/706\/revisions"}],"wp:attachment":[{"href":"https:\/\/www.toque-musicall.com\/index.php?rest_route=%2Fwp%2Fv2%2Fmedia&parent=706"}],"wp:term":[{"taxonomy":"category","embeddable":true,"href":"https:\/\/www.toque-musicall.com\/index.php?rest_route=%2Fwp%2Fv2%2Fcategories&post=706"},{"taxonomy":"post_tag","embeddable":true,"href":"https:\/\/www.toque-musicall.com\/index.php?rest_route=%2Fwp%2Fv2%2Ftags&post=706"}],"curies":[{"name":"wp","href":"https:\/\/api.w.org\/{rel}","templated":true}]}}