{"id":707,"date":"2010-09-22T11:01:00","date_gmt":"2010-09-22T11:01:00","guid":{"rendered":"http:\/\/www.toque-musicall.com\/?p=707"},"modified":"2010-09-22T11:01:00","modified_gmt":"2010-09-22T11:01:00","slug":"luiz-vieira-1974","status":"publish","type":"post","link":"https:\/\/www.toque-musicall.com\/?p=707","title":{"rendered":"Luiz Vieira (1974)"},"content":{"rendered":"<p><a href=\"http:\/\/1.bp.blogspot.com\/_DSKVEvHtskc\/TJniT25-9mI\/AAAAAAAAHCg\/4mcfIEI-8G8\/s1600\/luiz+vieira+P.JPG\"><img decoding=\"async\" style=\"TEXT-ALIGN: center; MARGIN: 0px auto 10px; WIDTH: 400px; DISPLAY: block; HEIGHT: 397px\" id=\"BLOGGER_PHOTO_ID_5519691649103361634\" border=\"0\" alt=\"\" src=\"http:\/\/1.bp.blogspot.com\/_DSKVEvHtskc\/TJniT25-9mI\/AAAAAAAAHCg\/4mcfIEI-8G8\/s400\/luiz+vieira+P.JPG\" \/><\/a>Ol\u00e1 amigos cultos e ocultos! Sempre batendo nas mesmas teclas, repetindo frases e situ\u00e7\u00f5es, assim \u00e9 o Augusto TM em seu blog. Amado por muitos, odiado por porcos, quer dizer&#8230;, por poucos, o Toque Musical continua em seu prop\u00f3sito, aprendendo com as boas cr\u00edticas e se lixando para as titicas. Falem mal, mas falem sempre do Toque Musical \ud83d\ude09<br \/>Hoje eu tenho aqui um disco que gosto muito, Luiz Vieira, de 1974. Tive a felicidade de reencontr\u00e1-lo na \u00faltima feira de discos em Belo Horizonte. H\u00e1 tempos eu n\u00e3o ouvia o lp e por acaso, tamb\u00e9m nunca pensei em procur\u00e1-lo em outros blogs. Deve at\u00e9 ter&#8230;<br \/>Luiz Vieira, para os que n\u00e3o conhecem, \u00e9 um poeta cantador, compositor de m\u00e3o cheio e de alma nordestina. Ele iniciou sua carreira art\u00edstica na d\u00e9cada de 40, se apresentando em programas de calouros, boates e no r\u00e1dio. Embora seja um \u00f3timo cantor, nunca gostou do t\u00edtulo, preferindo ser chamado de &#8216;cantador&#8217;. Luiz Vieira tamb\u00e9m atuava como radialista, sempre focando a m\u00fasica nordestina. N\u00e3o foi atoa que ele recebeu o t\u00edtulo de &#8220;O Pr\u00edncipe do Bai\u00e3o&#8221;. At\u00e9 pouco tempo atr\u00e1s eu sei que ele apresentava um programa de muito sucesso na R\u00e1dio Nacional do Rio de Janeiro, chamado &#8220;Minha terra, nossa gente&#8221;. Faz tanto tempo que eu n\u00e3o vou ao Rio que j\u00e1 nem sei se ainda existe. O Luiz Vieira tamb\u00e9m j\u00e1 deve estar l\u00e1 por volta dos 80 anos. N\u00e3o sei se ele ainda continua em atividade. O certo \u00e9 que o cara \u00e9 um artista dos melhores. Gravou poucos discos, mas comp\u00f4s centenas de m\u00fasicas, interpretadas pelos mais diversos cantores. Neste \u00e1lbum de 1974, temos alguns de seus grandes sucessos como &#8220;Menino do Bra\u00e7an\u00e3&#8221;, &#8220;Prel\u00fadio para ninar gente grande&#8221; e &#8220;Prel\u00fadio N\u00ba2 (Paz do meu amor)&#8221;. Tem mais uma m\u00fasica dele que eu gosto muito que \u00e9 &#8220;Menino passarinho&#8221;, maravilhosa, mas esta \u00e9 de outro disco. A gente ainda chega l\u00e1&#8230;<\/p>\n<div align=\"center\">guar\u00e2nia da saudade<\/div>\n<div align=\"center\"> os olhinhhos do menino<\/div>\n<div align=\"center\">nossa vez<\/div>\n<div align=\"center\">ave maria dos retirantes<\/div>\n<div align=\"center\">menino do bra\u00e7an\u00e3<\/div>\n<div align=\"center\">prel\u00fadio par aninar gente grande<\/div>\n<div align=\"center\">rato, rato&#8230;<\/div>\n<div align=\"center\">prel\u00fadio n\u00ba 2 (paz do meu amor)<\/div>\n<div align=\"center\">resto de quem parte<\/div>\n<div align=\"center\">cortejo<\/div>\n<div align=\"center\">estrela de veludo<\/div>\n<div align=\"center\">z\u00e9 valente<\/div>\n<div align=\"center\"> <\/div>\n<div align=\"center\"> <\/div>\n","protected":false},"excerpt":{"rendered":"<p>Ol\u00e1 amigos cultos e ocultos! Sempre batendo nas mesmas teclas, repetindo frases e situ\u00e7\u00f5es, assim \u00e9 o Augusto TM em seu blog. Amado por muitos, odiado por porcos, quer dizer&#8230;, por poucos, o Toque Musical continua em seu prop\u00f3sito, aprendendo &hellip; <a href=\"https:\/\/www.toque-musicall.com\/?p=707\">Continue lendo <span class=\"meta-nav\">&rarr;<\/span><\/a><\/p>\n","protected":false},"author":1,"featured_media":0,"comment_status":"open","ping_status":"closed","sticky":false,"template":"","format":"standard","meta":{"footnotes":""},"categories":[1004],"tags":[],"class_list":["post-707","post","type-post","status-publish","format-standard","hentry","category-luiz-vieira"],"_links":{"self":[{"href":"https:\/\/www.toque-musicall.com\/index.php?rest_route=\/wp\/v2\/posts\/707","targetHints":{"allow":["GET"]}}],"collection":[{"href":"https:\/\/www.toque-musicall.com\/index.php?rest_route=\/wp\/v2\/posts"}],"about":[{"href":"https:\/\/www.toque-musicall.com\/index.php?rest_route=\/wp\/v2\/types\/post"}],"author":[{"embeddable":true,"href":"https:\/\/www.toque-musicall.com\/index.php?rest_route=\/wp\/v2\/users\/1"}],"replies":[{"embeddable":true,"href":"https:\/\/www.toque-musicall.com\/index.php?rest_route=%2Fwp%2Fv2%2Fcomments&post=707"}],"version-history":[{"count":0,"href":"https:\/\/www.toque-musicall.com\/index.php?rest_route=\/wp\/v2\/posts\/707\/revisions"}],"wp:attachment":[{"href":"https:\/\/www.toque-musicall.com\/index.php?rest_route=%2Fwp%2Fv2%2Fmedia&parent=707"}],"wp:term":[{"taxonomy":"category","embeddable":true,"href":"https:\/\/www.toque-musicall.com\/index.php?rest_route=%2Fwp%2Fv2%2Fcategories&post=707"},{"taxonomy":"post_tag","embeddable":true,"href":"https:\/\/www.toque-musicall.com\/index.php?rest_route=%2Fwp%2Fv2%2Ftags&post=707"}],"curies":[{"name":"wp","href":"https:\/\/api.w.org\/{rel}","templated":true}]}}