{"id":7070,"date":"2020-01-15T23:06:00","date_gmt":"2020-01-16T02:06:00","guid":{"rendered":"http:\/\/www.toque-musicall.com\/?p=7070"},"modified":"2020-01-26T17:59:08","modified_gmt":"2020-01-26T20:59:08","slug":"perinho-santana-falsamente-suave-1982","status":"publish","type":"post","link":"https:\/\/www.toque-musicall.com\/?p=7070","title":{"rendered":"Perinho Santana &#8211; Falsamente Suave (1982)"},"content":{"rendered":"\n<figure class=\"wp-block-image size-large\"><img decoding=\"async\" src=\"https:\/\/1.bp.blogspot.com\/-h53SI6wY7M4\/XiEVihwd4nI\/AAAAAAAAQVc\/S6t5X27N_Q48m2GzfBL4Zmq7lkuzAWRkgCLcBGAsYHQ\/s640\/Anota%25C3%25A7%25C3%25A3o%2B2019-11-14%2B195254.jpg\" alt=\"\"\/><\/figure>\n\n\n\n<figure class=\"wp-block-image size-large\"><img decoding=\"async\" src=\"https:\/\/1.bp.blogspot.com\/-Gup5yAL0MlA\/XiEViE_KwiI\/AAAAAAAAQVY\/xYFXhBfG2DIdvm_GHv2LMbhkxjR-Jq3YgCLcBGAsYHQ\/s640\/Anota%25C3%25A7%25C3%25A3o%2B2019-11-14%2B195332.jpg\" alt=\"\"\/><\/figure>\n\n\n<p>Ol\u00e1, amigos cultos e ocultos! O Toque Musical apresenta hoje o primeiro dos dois \u00fanicos \u00e1lbuns-solo gravados pelo cantor e guitarrista baiano P\u00e9ricles Bastos de Santana, o Perinho Santana, \u201cFalsamente suave\u201d, lan\u00e7ado em 1982. Tamb\u00e9m compositor, arranjador e produtor musical, Perinho nasceu em Salvador, Bahia, em 1949, e tocou com artistas de peso da MPB, tais como Raul Seixas, Caetano Veloso, Gilberto Gil, Marisa Monte, Gal Costa e Luiz Melodia. Foi este \u00faltimo, ali\u00e1s, que Perinho acompanhou por mais tempo, estando presente em boa parte da carreira do cantor e compositor. Eles foram parceiros nas m\u00fasicas \u201cS\u00f3\u201d (\u201cMesmo se tudo juntar por a\u00ed\/ em n\u00f3s, o s\u00f3 h\u00e1 de sempre existir\u201d) e \u201cSonho imagina\u00e7\u00e3o\u201d, esta \u00faltima no presente \u00e1lbum. O \u00faltimo trabalho de Perinho Santana foi com o grupo O S\u00edndico, com ex-integrantes da banda de apoio de Tim Maia. Perinho faleceu em 30 de novembro de 2012, no Rio de Janeiro, aos 63 anos, de parada card\u00edaca. Mas estar\u00e1 sempre na lembran\u00e7a de todos aqueles que apreciam o que \u00e9 bom. Neste disco, s\u00e3o oito faixas com m\u00fasica da mais alta qualidade. Al\u00e9m da j\u00e1 mencionada \u201cSonho imagina\u00e7\u00e3o\u201d, h\u00e1 ainda parcerias com Caetano Veloso (\u201cNem sonhar\u201d) e Paulinho Zdanowski (\u201cForte ilus\u00e3o\u201d), sendo as demais composi\u00e7\u00f5es sem parceiros. E Perinho ainda faria mais um disco al\u00e9m deste, o CD \u201cAmor de verdade\u201d. Enfim, este \u00e9 mais um trabalho de primeir\u00edssima linha, merecedor desta postagem do nosso blog. Confiram!<\/p>\n<div>nem sonhar<\/div>\n<div>cora\u00e7\u00e3o<\/div>\n<div>o teu olhar<\/div>\n<div>l-5<\/div>\n<div>falsamente suave<\/div>\n<div>sonho imagina\u00e7\u00e3o<\/div>\n<div>tema do c\u00e9u<\/div>\n<div>forte ilus\u00e3o<\/div>\n<div>&nbsp;<\/div>\n<p>*Texto de Samuel Machado Filho&nbsp;<\/p>","protected":false},"excerpt":{"rendered":"<p>Ol\u00e1, amigos cultos e ocultos! O Toque Musical apresenta hoje o primeiro dos dois \u00fanicos \u00e1lbuns-solo gravados pelo cantor e guitarrista baiano P\u00e9ricles Bastos de Santana, o Perinho Santana, \u201cFalsamente suave\u201d, lan\u00e7ado em 1982. Tamb\u00e9m compositor, arranjador e produtor musical, &hellip; <a href=\"https:\/\/www.toque-musicall.com\/?p=7070\">Continue lendo <span class=\"meta-nav\">&rarr;<\/span><\/a><\/p>\n","protected":false},"author":1,"featured_media":0,"comment_status":"open","ping_status":"closed","sticky":false,"template":"","format":"standard","meta":{"footnotes":""},"categories":[3384,25],"tags":[3410,3017],"class_list":["post-7070","post","type-post","status-publish","format-standard","hentry","category-perinho-santana","category-selo-independente","tag-perinho-santana","tag-selo-independente"],"_links":{"self":[{"href":"https:\/\/www.toque-musicall.com\/index.php?rest_route=\/wp\/v2\/posts\/7070","targetHints":{"allow":["GET"]}}],"collection":[{"href":"https:\/\/www.toque-musicall.com\/index.php?rest_route=\/wp\/v2\/posts"}],"about":[{"href":"https:\/\/www.toque-musicall.com\/index.php?rest_route=\/wp\/v2\/types\/post"}],"author":[{"embeddable":true,"href":"https:\/\/www.toque-musicall.com\/index.php?rest_route=\/wp\/v2\/users\/1"}],"replies":[{"embeddable":true,"href":"https:\/\/www.toque-musicall.com\/index.php?rest_route=%2Fwp%2Fv2%2Fcomments&post=7070"}],"version-history":[{"count":2,"href":"https:\/\/www.toque-musicall.com\/index.php?rest_route=\/wp\/v2\/posts\/7070\/revisions"}],"predecessor-version":[{"id":7103,"href":"https:\/\/www.toque-musicall.com\/index.php?rest_route=\/wp\/v2\/posts\/7070\/revisions\/7103"}],"wp:attachment":[{"href":"https:\/\/www.toque-musicall.com\/index.php?rest_route=%2Fwp%2Fv2%2Fmedia&parent=7070"}],"wp:term":[{"taxonomy":"category","embeddable":true,"href":"https:\/\/www.toque-musicall.com\/index.php?rest_route=%2Fwp%2Fv2%2Fcategories&post=7070"},{"taxonomy":"post_tag","embeddable":true,"href":"https:\/\/www.toque-musicall.com\/index.php?rest_route=%2Fwp%2Fv2%2Ftags&post=7070"}],"curies":[{"name":"wp","href":"https:\/\/api.w.org\/{rel}","templated":true}]}}