{"id":7072,"date":"2020-01-16T07:16:00","date_gmt":"2020-01-16T10:16:00","guid":{"rendered":"http:\/\/www.toque-musicall.com\/?p=7072"},"modified":"2020-01-19T07:20:00","modified_gmt":"2020-01-19T10:20:00","slug":"luiz-vieira-e-orquestra-preludios-de-amor-1963","status":"publish","type":"post","link":"https:\/\/www.toque-musicall.com\/?p=7072","title":{"rendered":"Luiz Vieira E Orquestra &#8211; Prel\u00fadios De Amor (1963)"},"content":{"rendered":"\n<figure class=\"wp-block-image size-large\"><img decoding=\"async\" src=\"https:\/\/1.bp.blogspot.com\/-GQRgxEjsNss\/XiEgmRveRPI\/AAAAAAAAQVw\/h-gAcsRBQ4QOKToDr6Y_KdU_iQuwRyr8gCLcBGAsYHQ\/s640\/frente.jpg\" alt=\"\"\/><\/figure>\n\n\n\n<figure class=\"wp-block-image size-large\"><img decoding=\"async\" src=\"https:\/\/1.bp.blogspot.com\/-XUFD_wW8T0I\/XiEgmKQx7_I\/AAAAAAAAQVs\/FJtNHFLA57UMhPKUjEv-L6d4yPwew1HewCLcBGAsYHQ\/s640\/verso.jpg\" alt=\"\"\/><\/figure>\n\n\n<p>O Toque Musical presta hoje uma homenagem p\u00f3stuma a um dos maiores cantores e compositores de nossa m\u00fasica popular. Luiz Rattes Vieira Filho, ou como ficou para a posteridade, Luiz Vieira, nos deixou a 16 de janeiro deste ano, v\u00edtima de parada card\u00edaca, aos 91 anos de idade. Nasceu em Caruaru, Pernambuco, em 12 de outubro de 1928, e seu nome foi uma homenagem ao av\u00f4. Perdeu sua m\u00e3e com apenas dois anos de idade. Antes de completar dez anos, mudou-se para o Rio de Janeiro, sendo criado pelo av\u00f4 em Alc\u00e2ntara, distrito da cidade de S\u00e3o Gon\u00e7alo. Aos oito anos de idade, produziu sua primeira composi\u00e7\u00e3o. Em crian\u00e7a, cantou em circos e parques de divers\u00f5es, e exerceu diversas atividades no Rio, antes de ingressar na vida art\u00edstica: foi domador, caminhoneiro, taxista, guia de cego, engraxate e lapid\u00e1rio. Em 1943, come\u00e7ou a se apresentar em programas de calouros do r\u00e1dio e em casas noturnas da Lapa. Em 1946, foi contratado pela R\u00e1dio Clube do Brasil para apresentar, junto com Z\u00e9 do Norte, o programa \u201cManh\u00e3s da ro\u00e7a\u201d, destinado a m\u00fasicas nordestinas, onde tamb\u00e9m foi secret\u00e1rio, diretor musical e redator. Trabalhou ainda no programa \u201cPicolino\u201d, de Barbosa J\u00fanior, e transferiu-se depois para a R\u00e1dio Tamoio, onde passou a se apresentar no programa \u201cSalve o bai\u00e3o\u201d, onde recebeu o t\u00edtulo de \u201cpr\u00edncipe do bai\u00e3o\u201d, apresentando-se ao lado de Luiz Gonzaga, o \u201crei do bai\u00e3o\u201d, Carm\u00e9lia Alves, a \u201crainha\u201d, e Claudette Soares, a \u201cprincesinha\u201d. No mesmo per\u00edodo, a convite de Almirante, passou a trabalhar na PRG-3, R\u00e1dio Tupi. Em 1951, gravou seu primeiro disco, na Todam\u00e9rica, interpretando \u201cBai\u00e3o da Vila Nova\u201d e \u201cCoreana\u201d, composi\u00e7\u00f5es de sua autoria e Ubirajara dos Santos. No mesmo ano, com a inaugura\u00e7\u00e3o da TV Tupi do Rio, participou do primeiro programa musical da televis\u00e3o, \u201cEspet\u00e1culos Tonelux\u201d, apresentando-se ao lado da vedete Virg\u00ednia Lane. Apresentou tamb\u00e9m programas nas TVs Record e Excelsior de S\u00e3o Paulo. Teve mais de quinhentas composi\u00e7\u00f5es e muitos sucessos, gravados por ele pr\u00f3prio e por outros artistas. Entre seus maiores sucessos podemos citar \u201cO menino de Bra\u00e7an\u00e3\u201d, \u201cEstrada de Coluband\u00ea\u201d, \u201cEstrela mi\u00fada\u201d, \u201cNa asa do vento\u201d, \u201cBalada do amor sublime\u201d, \u201cGuar\u00e2nia da saudade\u201d, \u201cGuar\u00e2nia da lua nova\u201d, \u201cEstrela de veludo\u201d, \u201cInteirinha\u201d, \u201cOs olhinhos do menino\u201d, \u201cParoliado\u201d, \u201cMaria Fil\u00f3 (O danado do trem)\u201d, \u201cCantiga pra Ribeir\u00e3o Preto\u201d e \u201cEstrada da saudade\u201d. O TM oferece hoje a seus amigos cultos e ocultos este compacto duplo dos anos 1960, lan\u00e7ado pela Copacabana, que inclui os dois prel\u00fadios de sucesso de Luiz Vieira, \u201cPaz do meu amor\u201d e \u201cPrel\u00fadio para ninar gente grande\u201d, mais conhecido pelo subt\u00edtulo \u201cMenino passarinho\u201d. \u201cTemporal em nosso amor\u201d e \u201cCaminhos do amor\u201d completam o disco, cuja postagem, sem d\u00favida, \u00e9 uma singela homenagem do TM a este grande cantor e compositor brasileiro que partiu, mas deixou uma obra musical que ficar\u00e1 para sempre!<\/p>\n<div>paz do meu amor &#8211; preludio n.2<\/div>\n<div>prel\u00fadio para ninar gente (menino passarinho)<\/div>\n<div>temporal em nosso amor<\/div>\n<div>caminhos do amor<\/div>\n<p><br \/><br \/><br \/>*Texto de Samuel Machado Filho\u00a0<\/p>","protected":false},"excerpt":{"rendered":"<p>O Toque Musical presta hoje uma homenagem p\u00f3stuma a um dos maiores cantores e compositores de nossa m\u00fasica popular. Luiz Rattes Vieira Filho, ou como ficou para a posteridade, Luiz Vieira, nos deixou a 16 de janeiro deste ano, v\u00edtima &hellip; <a href=\"https:\/\/www.toque-musicall.com\/?p=7072\">Continue lendo <span class=\"meta-nav\">&rarr;<\/span><\/a><\/p>\n","protected":false},"author":1,"featured_media":0,"comment_status":"open","ping_status":"closed","sticky":false,"template":"","format":"standard","meta":{"footnotes":""},"categories":[93,1004,152],"tags":[3072,3108],"class_list":["post-7072","post","type-post","status-publish","format-standard","hentry","category-compactos","category-luiz-vieira","category-selo-copacabana","tag-compactos","tag-selo-copacabana"],"_links":{"self":[{"href":"https:\/\/www.toque-musicall.com\/index.php?rest_route=\/wp\/v2\/posts\/7072","targetHints":{"allow":["GET"]}}],"collection":[{"href":"https:\/\/www.toque-musicall.com\/index.php?rest_route=\/wp\/v2\/posts"}],"about":[{"href":"https:\/\/www.toque-musicall.com\/index.php?rest_route=\/wp\/v2\/types\/post"}],"author":[{"embeddable":true,"href":"https:\/\/www.toque-musicall.com\/index.php?rest_route=\/wp\/v2\/users\/1"}],"replies":[{"embeddable":true,"href":"https:\/\/www.toque-musicall.com\/index.php?rest_route=%2Fwp%2Fv2%2Fcomments&post=7072"}],"version-history":[{"count":1,"href":"https:\/\/www.toque-musicall.com\/index.php?rest_route=\/wp\/v2\/posts\/7072\/revisions"}],"predecessor-version":[{"id":7073,"href":"https:\/\/www.toque-musicall.com\/index.php?rest_route=\/wp\/v2\/posts\/7072\/revisions\/7073"}],"wp:attachment":[{"href":"https:\/\/www.toque-musicall.com\/index.php?rest_route=%2Fwp%2Fv2%2Fmedia&parent=7072"}],"wp:term":[{"taxonomy":"category","embeddable":true,"href":"https:\/\/www.toque-musicall.com\/index.php?rest_route=%2Fwp%2Fv2%2Fcategories&post=7072"},{"taxonomy":"post_tag","embeddable":true,"href":"https:\/\/www.toque-musicall.com\/index.php?rest_route=%2Fwp%2Fv2%2Ftags&post=7072"}],"curies":[{"name":"wp","href":"https:\/\/api.w.org\/{rel}","templated":true}]}}