{"id":708,"date":"2010-09-21T10:25:00","date_gmt":"2010-09-21T10:25:00","guid":{"rendered":"http:\/\/www.toque-musicall.com\/?p=708"},"modified":"2010-09-21T10:25:00","modified_gmt":"2010-09-21T10:25:00","slug":"jamelao-ela-disse-me-assim-1968","status":"publish","type":"post","link":"https:\/\/www.toque-musicall.com\/?p=708","title":{"rendered":"Jamel\u00e3o &#8211; Ela Disse-me Assim (1968)"},"content":{"rendered":"<p><a href=\"http:\/\/1.bp.blogspot.com\/_DSKVEvHtskc\/TJiIUmn0NqI\/AAAAAAAAHCU\/BDrEdUb6_s0\/s1600\/jamel%C3%A3o+P.JPG\"><img decoding=\"async\" style=\"TEXT-ALIGN: center; MARGIN: 0px auto 10px; WIDTH: 399px; DISPLAY: block; HEIGHT: 400px; CURSOR: hand\" id=\"BLOGGER_PHOTO_ID_5519311230888851106\" border=\"0\" alt=\"\" src=\"http:\/\/1.bp.blogspot.com\/_DSKVEvHtskc\/TJiIUmn0NqI\/AAAAAAAAHCU\/BDrEdUb6_s0\/s400\/jamel%C3%A3o+P.JPG\" \/><\/a> Bom dia a todos! A semana promete, mas meus outros compromissos e a falta de tempo comprometem. Mesmo assim, vou tentar n\u00e3o deixar a peteca cair. Hoje terei que lan\u00e7ar m\u00e3o de mais uma reserva, not\u00edcia pronta para cobrir jornal, os meus &#8216;discos de gaveta&#8217;. Ainda bem que o sorteado foi o Jamel\u00e3o. Vai combinar com o ritmo das \u00faltimas postagens.<br \/>Temos aqui um \u00e1lbum do cantor, lan\u00e7ado no final dos anos 60, cuja a m\u00fasica que d\u00e1 nome ao disco, de Lupic\u00ednio Rodrigues, foi um dos seus grandes sucessos. Ali\u00e1s, este lp, no geral, foi um grande sucesso. Recheado de excelentes e variados estilos de sambas. Destaco tamb\u00e9m entre esses, &#8220;Folha Morta&#8221;, de Ary Barroso e &#8220;Timb\u00f3&#8221;, de Ramon Russo, um afrosamba que foi regravado pelo grupo Farofa Carioca. Confiram a\u00ed o Jamel\u00e3o, que eu j\u00e1 estou de sa\u00edda&#8230;<\/p>\n<div align=\"center\">ela disse-me assim<\/div>\n<div align=\"center\">confian\u00e7a<\/div>\n<div align=\"center\">pense em mim<\/div>\n<div align=\"center\">como ela \u00e9 boa<\/div>\n<div align=\"center\">folha morta<\/div>\n<div align=\"center\">esquina da saudade<\/div>\n<div align=\"center\">ela est\u00e1 presente<\/div>\n<div align=\"center\">tr\u00eas amores<\/div>\n<div align=\"center\">h\u00e1 sempre uma que fica<\/div>\n<div align=\"center\">frases de um cora\u00e7\u00e3o<\/div>\n<div align=\"center\">timb\u00f3<\/div>\n","protected":false},"excerpt":{"rendered":"<p>Bom dia a todos! A semana promete, mas meus outros compromissos e a falta de tempo comprometem. Mesmo assim, vou tentar n\u00e3o deixar a peteca cair. Hoje terei que lan\u00e7ar m\u00e3o de mais uma reserva, not\u00edcia pronta para cobrir jornal, &hellip; <a href=\"https:\/\/www.toque-musicall.com\/?p=708\">Continue lendo <span class=\"meta-nav\">&rarr;<\/span><\/a><\/p>\n","protected":false},"author":1,"featured_media":0,"comment_status":"open","ping_status":"closed","sticky":false,"template":"","format":"standard","meta":{"footnotes":""},"categories":[1005],"tags":[],"class_list":["post-708","post","type-post","status-publish","format-standard","hentry","category-jamelao"],"_links":{"self":[{"href":"https:\/\/www.toque-musicall.com\/index.php?rest_route=\/wp\/v2\/posts\/708","targetHints":{"allow":["GET"]}}],"collection":[{"href":"https:\/\/www.toque-musicall.com\/index.php?rest_route=\/wp\/v2\/posts"}],"about":[{"href":"https:\/\/www.toque-musicall.com\/index.php?rest_route=\/wp\/v2\/types\/post"}],"author":[{"embeddable":true,"href":"https:\/\/www.toque-musicall.com\/index.php?rest_route=\/wp\/v2\/users\/1"}],"replies":[{"embeddable":true,"href":"https:\/\/www.toque-musicall.com\/index.php?rest_route=%2Fwp%2Fv2%2Fcomments&post=708"}],"version-history":[{"count":0,"href":"https:\/\/www.toque-musicall.com\/index.php?rest_route=\/wp\/v2\/posts\/708\/revisions"}],"wp:attachment":[{"href":"https:\/\/www.toque-musicall.com\/index.php?rest_route=%2Fwp%2Fv2%2Fmedia&parent=708"}],"wp:term":[{"taxonomy":"category","embeddable":true,"href":"https:\/\/www.toque-musicall.com\/index.php?rest_route=%2Fwp%2Fv2%2Fcategories&post=708"},{"taxonomy":"post_tag","embeddable":true,"href":"https:\/\/www.toque-musicall.com\/index.php?rest_route=%2Fwp%2Fv2%2Ftags&post=708"}],"curies":[{"name":"wp","href":"https:\/\/api.w.org\/{rel}","templated":true}]}}