{"id":7089,"date":"2020-01-23T14:59:00","date_gmt":"2020-01-23T17:59:00","guid":{"rendered":"http:\/\/www.toque-musicall.com\/?p=7089"},"modified":"2020-01-25T15:02:19","modified_gmt":"2020-01-25T18:02:19","slug":"antonio-luz-baiano-sarava-1971","status":"publish","type":"post","link":"https:\/\/www.toque-musicall.com\/?p=7089","title":{"rendered":"Antonio Luz (Baiano) &#8211; Sarav\u00e1 (1971)"},"content":{"rendered":"\n<figure class=\"wp-block-image size-large\"><img decoding=\"async\" src=\"https:\/\/1.bp.blogspot.com\/-jgNZYHjDpzw\/Xiw-15Gad4I\/AAAAAAAAQYE\/WdD4dviVvcs4HBc9VS1wucNUi6wXL2xOgCLcBGAsYHQ\/s640\/antonio%2B%2Bluiz%2B-%2Bsarav%25C3%25A1.JPG\" alt=\"\"\/><\/figure>\n\n\n\n<figure class=\"wp-block-image size-large\"><img decoding=\"async\" src=\"https:\/\/1.bp.blogspot.com\/-0KBTMHZTE_0\/Xiw-1uJskjI\/AAAAAAAAQYA\/bpsMpcnQQJwIuU1AUmrBiWjEG7Ka-K51ACLcBGAsYHQ\/s640\/antonio%2B%2Bluiz%2B-%2Bsarav%25C3%25A1%2BB.JPG\" alt=\"\"\/><\/figure>\n\n\n<p>Ol\u00e1 amigos cultos e ocultos! Mais uma vez, fazendo jus ao nosso lema, onde dizemos, aqui \u00e9 um lugar onde se escuta m\u00fasica com outros olhos. Gosto sempre de lembrar isso, principalmente quando trago para o Toque Musical algum ilustre desconhecido. E hoje temos algo assim, um disquinho compacto que estaria totalmente esquecido, n\u00e3o fosse a nossa coragem e vontade de traz\u00ea-lo de volta. Por certo, se trata de um tipo de disco e artista que teve sua \u00fanica chance, ou ainda, a proeza de conseguir gravar um disco, num tempo que isso era coisa dif\u00edcil. Al\u00edas, mais do que gravar, o dif\u00edcil mesmo era gravar um segundo, ou continuar na carreira. Produ\u00e7\u00f5es independentes na \u00e9poca de ouro da ind\u00fastria fonogr\u00e1fica era geralmente capricho daqueles que podiam bancar ou serem bancados por algum mecenas. Ou ainda, aqueles artista que n\u00e3o conseguiram chegar a sombra de uma grande gravadora. Antonio Luz, o Baiano, foi um tipo assim, conseguiu realizar a fa\u00e7anha de gravar duas de suas composi\u00e7\u00f5es. Conforme nos descreve o texto de contracapa, Antonio Luz foi um baiano que veio para Minas Gerais. Trabalhava em feiras livres na cidade de Belo Horizonte e tinha o h\u00e1bito de compor can\u00e7\u00f5es. Ficou conhecido nas feiras a ponto de ser levado a televis\u00e3o local, onde se apresentou, mostrando assim a sua m\u00fasica. Conseguiu no inicio dos anos 70 gravar esse compacto pela editora Discobel. Infelizmente, n\u00e3o achei mais nada sobre ele. Penso que vai ser mais f\u00e1cil algu\u00e9m dele encontrar essa postagem. Que sirva de registro essa nossa publica\u00e7\u00e3o. Confiram as m\u00fasicas no GTM.<br \/><br \/><\/p>\n<div>sarav\u00e1<\/div>\n<div>areia no caminho<\/div>\n<p><br \/><br \/>.<\/p>","protected":false},"excerpt":{"rendered":"<p>Ol\u00e1 amigos cultos e ocultos! Mais uma vez, fazendo jus ao nosso lema, onde dizemos, aqui \u00e9 um lugar onde se escuta m\u00fasica com outros olhos. Gosto sempre de lembrar isso, principalmente quando trago para o Toque Musical algum ilustre &hellip; <a href=\"https:\/\/www.toque-musicall.com\/?p=7089\">Continue lendo <span class=\"meta-nav\">&rarr;<\/span><\/a><\/p>\n","protected":false},"author":1,"featured_media":0,"comment_status":"open","ping_status":"closed","sticky":false,"template":"","format":"standard","meta":{"footnotes":""},"categories":[3401,93,3402],"tags":[3072],"class_list":["post-7089","post","type-post","status-publish","format-standard","hentry","category-antonio-luz-baiano","category-compactos","category-selo-discobel","tag-compactos"],"_links":{"self":[{"href":"https:\/\/www.toque-musicall.com\/index.php?rest_route=\/wp\/v2\/posts\/7089","targetHints":{"allow":["GET"]}}],"collection":[{"href":"https:\/\/www.toque-musicall.com\/index.php?rest_route=\/wp\/v2\/posts"}],"about":[{"href":"https:\/\/www.toque-musicall.com\/index.php?rest_route=\/wp\/v2\/types\/post"}],"author":[{"embeddable":true,"href":"https:\/\/www.toque-musicall.com\/index.php?rest_route=\/wp\/v2\/users\/1"}],"replies":[{"embeddable":true,"href":"https:\/\/www.toque-musicall.com\/index.php?rest_route=%2Fwp%2Fv2%2Fcomments&post=7089"}],"version-history":[{"count":1,"href":"https:\/\/www.toque-musicall.com\/index.php?rest_route=\/wp\/v2\/posts\/7089\/revisions"}],"predecessor-version":[{"id":7090,"href":"https:\/\/www.toque-musicall.com\/index.php?rest_route=\/wp\/v2\/posts\/7089\/revisions\/7090"}],"wp:attachment":[{"href":"https:\/\/www.toque-musicall.com\/index.php?rest_route=%2Fwp%2Fv2%2Fmedia&parent=7089"}],"wp:term":[{"taxonomy":"category","embeddable":true,"href":"https:\/\/www.toque-musicall.com\/index.php?rest_route=%2Fwp%2Fv2%2Fcategories&post=7089"},{"taxonomy":"post_tag","embeddable":true,"href":"https:\/\/www.toque-musicall.com\/index.php?rest_route=%2Fwp%2Fv2%2Ftags&post=7089"}],"curies":[{"name":"wp","href":"https:\/\/api.w.org\/{rel}","templated":true}]}}