{"id":709,"date":"2010-09-20T09:56:00","date_gmt":"2010-09-20T09:56:00","guid":{"rendered":"http:\/\/www.toque-musicall.com\/?p=709"},"modified":"2010-09-20T09:56:00","modified_gmt":"2010-09-20T09:56:00","slug":"clementina-de-jesus-clementina-cade-voce","status":"publish","type":"post","link":"https:\/\/www.toque-musicall.com\/?p=709","title":{"rendered":"Clementina De Jesus &#8211; Clementina, Cad\u00ea Voc\u00ea?"},"content":{"rendered":"<p><a href=\"http:\/\/1.bp.blogspot.com\/_DSKVEvHtskc\/TJcv7cEacWI\/AAAAAAAAHCI\/_UspvYpAtxA\/s1600\/clementina+P.JPG\"><img decoding=\"async\" style=\"TEXT-ALIGN: center; MARGIN: 0px auto 10px; WIDTH: 400px; DISPLAY: block; HEIGHT: 398px; CURSOR: hand\" id=\"BLOGGER_PHOTO_ID_5518932566559322466\" border=\"0\" alt=\"\" src=\"http:\/\/1.bp.blogspot.com\/_DSKVEvHtskc\/TJcv7cEacWI\/AAAAAAAAHCI\/_UspvYpAtxA\/s400\/clementina+P.JPG\" \/><\/a>Ol\u00e1s! Come\u00e7amos bem a segunda feira&#8230; Apesar da minha pressa e outros compromissos. Vamos abrindo a roda para a grande Clementina de Jesus. Salve Herm\u00ednio Bello de Carvalho! Se n\u00e3o fosse por ele essa p\u00e9rola negra ainda estaria no fundo do mar.<br \/>Temos aqui mais um excelente \u00e1lbum de Clementina, gravado em 1970, nos est\u00fadios do Museu da Imagem e do Som. Produ\u00e7\u00e3o (claro!) do Herm\u00ednio e com dire\u00e7\u00e3o musical do Maestro Nelsinho. No disco vamos encontrar n\u00e3o apenas sambas, mas tamb\u00e9m outras batucadas, modas, corimas e jongo. Um pouco da heran\u00e7a negra de Quel\u00e9. Um disco muito bom, e raro! V\u00e3o conferindo a\u00ed, porque eu j\u00e1 estou de sa\u00edda&#8230; Bom dia a todos!<\/p>\n<div align=\"center\">vai saudade<\/div>\n<div align=\"center\">deus vos salve a casa santa<\/div>\n<div align=\"center\">tr\u00eas corimas:<\/div>\n<div align=\"center\"><em>ogum meg\u00e9<\/em><\/div>\n<div align=\"center\"><em>bendito louvado, \u00f3 ganga<\/em><\/div>\n<div align=\"center\"><em>l\u00e1 no mato tem ganga<\/em><\/div>\n<div align=\"center\">a maria come\u00e7a a beber<\/div>\n<div align=\"center\">tom\u00e9<\/div>\n<div align=\"center\">sei l\u00e1, mangueira<\/div>\n<div align=\"center\">beira mar<\/div>\n<div align=\"center\">duas modas:<\/div>\n<div align=\"center\"><em>trancelin<\/em><\/div>\n<div align=\"center\"><em>a velha do acaraj\u00e9<\/em><\/div>\n<div align=\"center\">sereia<\/div>\n<div align=\"center\">cercar paca<\/div>\n<div align=\"center\">a coruja comeu o meu curi\u00f3<\/div>\n<div align=\"center\">a mangueira \u00e9 l\u00e1 no c\u00e9u<\/div>\n<div align=\"center\"> <\/div>\n<div align=\"center\"> <\/div>\n","protected":false},"excerpt":{"rendered":"<p>Ol\u00e1s! Come\u00e7amos bem a segunda feira&#8230; Apesar da minha pressa e outros compromissos. Vamos abrindo a roda para a grande Clementina de Jesus. Salve Herm\u00ednio Bello de Carvalho! Se n\u00e3o fosse por ele essa p\u00e9rola negra ainda estaria no fundo &hellip; <a href=\"https:\/\/www.toque-musicall.com\/?p=709\">Continue lendo <span class=\"meta-nav\">&rarr;<\/span><\/a><\/p>\n","protected":false},"author":1,"featured_media":0,"comment_status":"open","ping_status":"closed","sticky":false,"template":"","format":"standard","meta":{"footnotes":""},"categories":[531],"tags":[],"class_list":["post-709","post","type-post","status-publish","format-standard","hentry","category-clementina-de-jesus"],"_links":{"self":[{"href":"https:\/\/www.toque-musicall.com\/index.php?rest_route=\/wp\/v2\/posts\/709","targetHints":{"allow":["GET"]}}],"collection":[{"href":"https:\/\/www.toque-musicall.com\/index.php?rest_route=\/wp\/v2\/posts"}],"about":[{"href":"https:\/\/www.toque-musicall.com\/index.php?rest_route=\/wp\/v2\/types\/post"}],"author":[{"embeddable":true,"href":"https:\/\/www.toque-musicall.com\/index.php?rest_route=\/wp\/v2\/users\/1"}],"replies":[{"embeddable":true,"href":"https:\/\/www.toque-musicall.com\/index.php?rest_route=%2Fwp%2Fv2%2Fcomments&post=709"}],"version-history":[{"count":0,"href":"https:\/\/www.toque-musicall.com\/index.php?rest_route=\/wp\/v2\/posts\/709\/revisions"}],"wp:attachment":[{"href":"https:\/\/www.toque-musicall.com\/index.php?rest_route=%2Fwp%2Fv2%2Fmedia&parent=709"}],"wp:term":[{"taxonomy":"category","embeddable":true,"href":"https:\/\/www.toque-musicall.com\/index.php?rest_route=%2Fwp%2Fv2%2Fcategories&post=709"},{"taxonomy":"post_tag","embeddable":true,"href":"https:\/\/www.toque-musicall.com\/index.php?rest_route=%2Fwp%2Fv2%2Ftags&post=709"}],"curies":[{"name":"wp","href":"https:\/\/api.w.org\/{rel}","templated":true}]}}