{"id":71,"date":"2012-05-08T00:38:00","date_gmt":"2012-05-08T00:38:00","guid":{"rendered":"http:\/\/www.toque-musicall.com\/?p=71"},"modified":"2012-05-08T00:38:00","modified_gmt":"2012-05-08T00:38:00","slug":"a-era-getulio-vargas-vol-2-selecao-78-rpm-do-toque-musical-vol-20-2012","status":"publish","type":"post","link":"https:\/\/www.toque-musicall.com\/?p=71","title":{"rendered":"A Era Get\u00falio Vargas Vol. 2 &#8211; Sele\u00e7\u00e3o 78 RPM Do Toque Musical &#8211; Vol. 20 (2012)"},"content":{"rendered":"<p><\/p>\n<div style=\"clear: both; text-align: center;\"><a href=\"http:\/\/2.bp.blogspot.com\/-HnuI5nojpuw\/T6hqO8bGD7I\/AAAAAAAAB-o\/rlCWNJggifI\/s1600\/CAPAP.JPG\" style=\"margin-left: 1em; margin-right: 1em;\"><img loading=\"lazy\" decoding=\"async\" border=\"0\" height=\"400\" src=\"http:\/\/2.bp.blogspot.com\/-HnuI5nojpuw\/T6hqO8bGD7I\/AAAAAAAAB-o\/rlCWNJggifI\/s400\/CAPAP.JPG\" width=\"400\" \/><\/a><\/div>\n<div style=\"clear: both; text-align: center;\"><a href=\"http:\/\/4.bp.blogspot.com\/-3oglRoUgl_4\/T6hqKQ3Bl7I\/AAAAAAAAB-g\/TorYAJ3icb0\/s1600\/CONTRACAPAp.JPG\" style=\"margin-left: 1em; margin-right: 1em;\"><img loading=\"lazy\" decoding=\"async\" border=\"0\" height=\"400\" src=\"http:\/\/4.bp.blogspot.com\/-3oglRoUgl_4\/T6hqKQ3Bl7I\/AAAAAAAAB-g\/TorYAJ3icb0\/s400\/CONTRACAPAp.JPG\" width=\"400\" \/><\/a><\/div>\n<div><span style=\"font-family: Georgia, 'Times New Roman', serif;\">O Grand Record Brazil est\u00e1 de volta com a segunda e \u00faltima parte da cr\u00f4nica musical da era Get\u00falio Vargas. Obedecendo \u00e0 cronologia dos fatos, come\u00e7amos com a deposi\u00e7\u00e3o de Get\u00falio pelos militares, acontecida em 29 de outubro de 1945. O \u201cpai dos pobres\u201d teria de deixar o poder, ap\u00f3s quinze anos, pois as elei\u00e7\u00f5es estavam marcadas para 2 de dezembro daquele ano. Mas Get\u00falio articulava sua candidatura e mesmo um novo golpe, como em 1937, e a campanha \u201cQueremista\u201d (\u201cQueremos Get\u00falio\u201d) estava nas ruas. Os militares entraram em cena e tiraram Get\u00falio do poder \u00e0 for\u00e7a. Nem bem Get\u00falio sa\u00eda do Catete, Herivelto Martins e Ciro de Souza compuseram uma marchinha para o carnaval de 1946: \u201cPalacete no Catete\u201d. Apenas um dia depois, 30 de outubro de 45, l\u00e1 estava Francisco Alves no est\u00fadio da Odeon para gravar, acompanhado da orquestra de Fon-Fon (Otaviano Romero Monteiro), \u201cPalacete no Catete\u201d, em que Get\u00falio \u00e9 apresentado como o \u201cinquilino\u201dque se mudou de l\u00e1 ap\u00f3s morar nele quinze anos. Em dezembro de 1945, o disco j\u00e1 estava nas lojas com o n\u00famero 12649-A, matriz 7927. Nas elei\u00e7\u00f5es daquele ano, a vit\u00f3ria foi do candidato apoiado por Get\u00falio, o marechal Eurico Gaspar Dutra. <\/span><\/div>\n<div><span style=\"font-family: Georgia, 'Times New Roman', serif;\">Cinco anos depois, a 20 de janeiro de 1950, Jorge Goulart grava na Continental, para o carnaval desse ano, a marchinha \u201cAi, Geg\u00ea\u201d, de Jo\u00e3o \u201cBraguinha\u201d de Barro e Alberto Ribeiro, expressando a saudade que o povo ent\u00e3o sentia de Get\u00falio e mostrando como a situa\u00e7\u00e3o piorou depois de sua sa\u00edda do poder, at\u00e9 mesmo a infla\u00e7\u00e3o. O disco saiu pela Continental com o n\u00famero 16172-A, matriz 11110, em mar\u00e7o-abril de 1950, detalhe intrigante, uma vez que o carnaval j\u00e1 havia passado&#8230;<\/span><\/div>\n<div><span style=\"font-family: Georgia, 'Times New Roman', serif;\">\u00a0A deposi\u00e7\u00e3o de Get\u00falio fez com que seu retrato oficial, com a faixa de presidente, datado de 1934, fosse retirado das reparti\u00e7\u00f5es p\u00fablicas e at\u00e9 mesmo das paredes de muitos lares, sendo que at\u00e9 n\u00e3o simpatizantes o mantinham pendurado em casa, por precau\u00e7\u00e3o. Mas o tempo passou e, em 1950, Get\u00falio foi o grande vitorioso das elei\u00e7\u00f5es presidenciais, acontecidas em 3 de outubro daquele ano. Ironizando os anti-getulistas, Haroldo Lobo e Marino Pinto comp\u00f5em a espirituosa marchinha \u201cRetrato do velho\u201d, concitando a volta do mesmo. Gravada por Francisco Alves na Odeon, em 16 de outubro de 1950, com acompanhamento de regional, e lan\u00e7ada um m\u00eas antes do carnaval de 51, janeiro, com o n\u00famero 13078-A, matriz 8826, \u201cRetrato do velho\u201d foi um grande sucesso na folia daquele ano, e na edi\u00e7\u00e3o impressa dos irm\u00e3os Vitale os autores homenageiam o jornal \u201cO Radical\u201d, ent\u00e3o \u201cl\u00edder dos \u00f3rg\u00e3os trabalhistas brasileiros\u201d. <\/span><\/div>\n<div><span style=\"font-family: Georgia, 'Times New Roman', serif;\">Em seu segundo mandato, Get\u00falio cria o Minist\u00e9rio da Economia, e isso inspira Geraldo Pereira e Arnaldo Passos a compor um interessante samba-cr\u00f4nica a respeito, com perspectivas bastante otimistas, inclusive com barateamento do custo de vida. A m\u00fasica, tamb\u00e9m chamada \u201cMinist\u00e9rio da Economia\u201d, \u00e9 lan\u00e7ada pelo pr\u00f3prio Geraldo na Sinter, em agosto de 1951, com o n\u00famero 00-00.071-B, matriz S-150, e mereceu mais tarde in\u00fameras regrava\u00e7\u00f5es, uma delas inclusive com Bebel Gilberto, em dueto com Pedrinho Rodrigues. <\/span><\/div>\n<div><span style=\"font-family: Georgia, 'Times New Roman', serif;\">E, como a moradia sempre foi problema, Hor\u00e1cio Felisberto, o D\u00e1cio, comp\u00f5e para o carnaval de 1952 o samba \u201cCoisa modesta\u201d, na qual um oper\u00e1rio, morando embaixo da ponte por causa de despejo, pede a Get\u00falio uma moradia bem simples, nada sofisticada, apenas um barrac\u00e3o para poder morar com um m\u00ednimo de conforto. Alcides Gerardi o gravou na Odeon em 22 de outubro de 1951, com lan\u00e7amento um m\u00eas antes da folia de 52, janeiro, com o n\u00famero 13213-A, matriz 9165. <\/span><\/div>\n<div><span style=\"font-family: Georgia, 'Times New Roman', serif;\">\u00a0O bord\u00e3o com que Get\u00falio Vargas iniciava seus discursos, \u201cTrabalhadores do Brasil\u201d, inspira o humorista e compositor Silvino Neto a lan\u00e7ar um samba mostrando que naquela ocasi\u00e3o a vida estava \u201cde amargar\u201d. Ele pr\u00f3prio o lan\u00e7a na Copacabana, em janeiro de 1953, com vistas, claro, ao carnaval desse ano, disco 5035-B, matriz M-301. O pr\u00f3prio Silvino Neto \u00e9 quem imita Get\u00falio no in\u00edcio do registro, como fazia no programa de r\u00e1dio \u201cPimpinela escarlate\u201d. <\/span><\/div>\n<div><span style=\"font-family: Georgia, 'Times New Roman', serif;\">\u00a0J\u00e1 naquele tempo, o funcionalismo p\u00fablico j\u00e1 era aquilo que chamamos de \u201ccabide de emprego\u201d. \u00c9 o que comprova a marchinha de Arlindo Marques Jr. e Roberto Roberti aqui inclu\u00edda: \u201cSe eu fosse o Get\u00falio\u201d, na qual, atrav\u00e9s do vozeir\u00e3o do grande N\u00e9lson Gon\u00e7alves, eles pedem que toda essa gente seja mandada para a lavoura, ou seja, o setor agro-pecu\u00e1rio. Grava\u00e7\u00e3o RCA Victor de 16 de novembro de 1953,\u00a0 lan\u00e7ada para o carnaval de 54 um m\u00eas antes do mesmo, janeiro, com o n\u00famero 80-1248-B, matriz BE3VB-0308. Creio que seja adequada para qualquer presidente brasileiro que esteja no poder, at\u00e9 mesmo a atual titular do posto&#8230;<\/span><\/div>\n<p><span style=\"font-family: Georgia, 'Times New Roman', serif;\">Em 5 de agosto de 1954, ocorre um atentado em frente ao pr\u00e9dio em que residia o jornalista e pol\u00edtico Carlos Lacerda, ferrenho opositor de Get\u00falio Vargas, em frente ao edif\u00edcio em que residia, na Rua Tonelero, no bairro carioca de Copacabana. Lacerda \u00e9 ferido no p\u00e9\u00a0 e o major da Aeron\u00e1utica Rubens Florentino Vaz, que o acompanhava, acabou morto. O atentado foi atribu\u00eddo a membros da guarda pessoal de Get\u00falio, sendo seu l\u00edder, Greg\u00f3rio Fortunato, acusado de ser o mandante do crime, e al\u00e9m disso a FAB, \u00e0 qual pertencia o major Vaz, tinha como grande her\u00f3i o brigadeiro Eduardo Gomes, derrotado por Get\u00falio nas elei\u00e7\u00f5es de 1950. Isso desencadeia grave crise pol\u00edtica, na qual o povo e os militares pedem a ren\u00fancia de Get\u00falio. N\u00e3o tendo outra alternativa, e ap\u00f3s aquela que seria sua \u00faltima reuni\u00e3o ministerial como presidente da Rep\u00fablica, Get\u00falio se suicida com um tiro no cora\u00e7\u00e3o, na fat\u00eddica madrugada de 24 de agosto de 1954, deixando uma famosa carta-testamento e causando forte como\u00e7\u00e3o em todo o pais. Por isso mesmo, encerramos esta retrospectiva musical da era Vargas com duas homenagens p\u00f3stumas. A primeira \u00e9 o roj\u00e3o (esp\u00e9cie de bai\u00e3o mais acelerado) \u201cEle disse\u201d, lan\u00e7ado na Copacabana por Jackson do Pandeiro dois anos ap\u00f3s a morte de Get\u00falio, em 1956, com o n\u00famero 5579-A, matriz M-1503, citando inclusive uma frase dessa carta: \u201cO povo de quem fui escravo jamais ser\u00e1 escravo de ningu\u00e9m\u201d. E a segunda, composta por Jo\u00e3o \u201cBraguinha\u201d de Barro, \u00e9 o \u201cHino a Get\u00falio Vargas\u201d, lan\u00e7ado por Gilberto Milfont na Continental em setembro-outubro de 1958 com o n\u00famero 17579-A, matriz C-3478. Curiosamente, no verso do disco, a m\u00fasica aparece em vers\u00e3o apenas instrumental, com a Orquestra Continental. Enfim, esta \u00e9 a segunda e \u00faltima parte de uma retrospectiva que apresentou interessantes cr\u00f4nicas musicais da era getulista, inclusive mostrando a como\u00e7\u00e3o que seu tr\u00e1gico suic\u00eddio desencadeou. Mas, como diz o hino de Braguinha, Get\u00falio ficar\u00e1 para sempre no cora\u00e7\u00e3o do Brasil!\u00a0<\/span><br \/><span style=\"font-family: 'Times New Roman'; font-size: 12pt;\"><br \/><\/span><br \/><span style=\"font-family: 'Times New Roman'; font-size: 12pt;\">*<\/span><span style=\"font-family: 'Times New Roman';\"><span style=\"font-size: x-small;\">TEXTO DE SAMUEL MACHADO FILHO<\/span><\/span><\/p>\n","protected":false},"excerpt":{"rendered":"<p>O Grand Record Brazil est\u00e1 de volta com a segunda e \u00faltima parte da cr\u00f4nica musical da era Get\u00falio Vargas. Obedecendo \u00e0 cronologia dos fatos, come\u00e7amos com a deposi\u00e7\u00e3o de Get\u00falio pelos militares, acontecida em 29 de outubro de 1945. &hellip; <a href=\"https:\/\/www.toque-musicall.com\/?p=71\">Continue lendo <span class=\"meta-nav\">&rarr;<\/span><\/a><\/p>\n","protected":false},"author":1,"featured_media":0,"comment_status":"open","ping_status":"closed","sticky":false,"template":"","format":"standard","meta":{"footnotes":""},"categories":[114,115,117,120,119,84,118,13,116],"tags":[],"class_list":["post-71","post","type-post","status-publish","format-standard","hentry","category-alcides-gerardi","category-francisco-alves","category-geraldo-pereira","category-gilberto-milfont","category-jackson-do-pandeiro","category-jorge-goulart","category-nelson-goncalves","category-selo-grand-record-brazil","category-silvino-neto"],"_links":{"self":[{"href":"https:\/\/www.toque-musicall.com\/index.php?rest_route=\/wp\/v2\/posts\/71","targetHints":{"allow":["GET"]}}],"collection":[{"href":"https:\/\/www.toque-musicall.com\/index.php?rest_route=\/wp\/v2\/posts"}],"about":[{"href":"https:\/\/www.toque-musicall.com\/index.php?rest_route=\/wp\/v2\/types\/post"}],"author":[{"embeddable":true,"href":"https:\/\/www.toque-musicall.com\/index.php?rest_route=\/wp\/v2\/users\/1"}],"replies":[{"embeddable":true,"href":"https:\/\/www.toque-musicall.com\/index.php?rest_route=%2Fwp%2Fv2%2Fcomments&post=71"}],"version-history":[{"count":0,"href":"https:\/\/www.toque-musicall.com\/index.php?rest_route=\/wp\/v2\/posts\/71\/revisions"}],"wp:attachment":[{"href":"https:\/\/www.toque-musicall.com\/index.php?rest_route=%2Fwp%2Fv2%2Fmedia&parent=71"}],"wp:term":[{"taxonomy":"category","embeddable":true,"href":"https:\/\/www.toque-musicall.com\/index.php?rest_route=%2Fwp%2Fv2%2Fcategories&post=71"},{"taxonomy":"post_tag","embeddable":true,"href":"https:\/\/www.toque-musicall.com\/index.php?rest_route=%2Fwp%2Fv2%2Ftags&post=71"}],"curies":[{"name":"wp","href":"https:\/\/api.w.org\/{rel}","templated":true}]}}