{"id":710,"date":"2010-09-19T15:05:00","date_gmt":"2010-09-19T15:05:00","guid":{"rendered":"http:\/\/www.toque-musicall.com\/?p=710"},"modified":"2010-09-19T15:05:00","modified_gmt":"2010-09-19T15:05:00","slug":"os-3-do-brasil-coisas-proibidas-sd","status":"publish","type":"post","link":"https:\/\/www.toque-musicall.com\/?p=710","title":{"rendered":"Os 3 Do Brasil &#8211; Coisas Proibidas (S\/D)"},"content":{"rendered":"<p><a href=\"http:\/\/2.bp.blogspot.com\/_DSKVEvHtskc\/TJYnlsRXxAI\/AAAAAAAAHB8\/lWF3VjJbs2Q\/s1600\/os+3+do+brasil+P.JPG\"><img decoding=\"async\" style=\"TEXT-ALIGN: center; MARGIN: 0px auto 10px; WIDTH: 397px; DISPLAY: block; HEIGHT: 400px; CURSOR: hand\" id=\"BLOGGER_PHOTO_ID_5518641921881785346\" border=\"0\" alt=\"\" src=\"http:\/\/2.bp.blogspot.com\/_DSKVEvHtskc\/TJYnlsRXxAI\/AAAAAAAAHB8\/lWF3VjJbs2Q\/s400\/os+3+do+brasil+P.JPG\" \/><\/a> Ol\u00e1 amigos cultos e ocultos! Esta semana promete! Mas eu s\u00f3 n\u00e3o vou jurar para n\u00e3o haver frustra\u00e7\u00f5es. Fiquem ligados, pois a fonte est\u00e1 cada vez mais cheia, para matar a sede e lavar a alma \ud83d\ude42<\/p>\n<div>Hoje eu estou trazendo um disco que me foi apresentado h\u00e1 alguns dias atr\u00e1s. Trata-se (obviamente pela capa) de m\u00fasica nordestina, forr\u00f3 &#8216;in natura&#8217;. Os 3 do Brasil foi um grupo formado em S\u00e3o Paulo, na d\u00e9cada de 70, por tr\u00eas artistas nordestinos: Ben\u00edcio Guimar\u00e3es, Edson e Durval Vieira. Pesquisando daqui e dal\u00ed, eu s\u00f3 encontrei alguma informa\u00e7\u00e3o sobre trio no blog <a href=\"http:\/\/www.forroemvinil.com\/?p=1362\">Forr\u00f3 em Vinil<\/a>. Por l\u00e1 foi postado o primeiro \u00e1lbum do grupo, gravado, segundo suas informa\u00e7\u00f5es, em 1977. Na minha investiga\u00e7\u00e3o, descobri que o trio gravou apenas dois disco, sendo este, &#8220;Coisas Proibidas&#8221; o segundo, lan\u00e7ado possivelmente tamb\u00e9m no final dos 70, mas sem a data certa. Talvez voc\u00eas estranhem um pouco o fato de eu estar dando tanta import\u00e2ncia a um grupo musical desconhecido, para uma grande maioria. E seria mesmo de estranhar toda a minha aten\u00e7\u00e3o para com esta postagem, n\u00e3o fosse um fato curioso, que \u00e9 o motivo principal do disco estar aqui. Temos um \u00e1lbum lan\u00e7ado pelo obscuro (ou independente) selo EAE, com doze m\u00fasicas, sendo todas de autoria de Durval Vieira, exceto a \u00faltima, &#8220;Asa Branca&#8221;, de Luiz Gonzaga e Humberto Teixeira. O fato curioso est\u00e1 justamente nesta m\u00fasica. Voc\u00eas precisam ouvir. Talvez a mais tradicional m\u00fasica nordestina, em &#8220;Coisas Proibidas&#8221; ela aparece como um aut\u00eantico jazz (e ainda por cima progressivo!). Levei um tapa na hora em que ouvi isso. A faixa destoa quase que totalmente do resto do disco. N\u00e3o h\u00e1 nada em comum al\u00e9m do fato de ser &#8220;Asa Branca&#8221;. Eu primeiro fiquei sem entender nada. Depois, aos poucos, a ficha foi caindo. Deduzi que nesta faixa n\u00e3o h\u00e1 nada dOs 3 do Brasil. A gente percebe que em algumas m\u00fasicas, o trio contou com a participa\u00e7\u00e3o de outros m\u00fasicos. Em alguns arranjos h\u00e1 a presen\u00e7a de instrumentos de sopro (sax e flauta). Haviam, com certeza, um apoio instrumental para aquelas m\u00fasicas. Eu suponho que na falta de uma \u00faltima m\u00fasica para completar o disco, eles resolveram deixar que os instrumentistas gravassem &#8220;Asa Branca&#8221; nesta vers\u00e3o curios\u00edssima (curiosa em rela\u00e7\u00e3o ao disco). Vale a pena ouvir este \u00e1lbum, mesmo fritando mais que \u00e1gua no \u00f3leo quente. Confiram&#8230;<\/div>\n<div align=\"center\">.<\/div>\n<div> <\/div>\n<div><\/div>\n<div align=\"center\">anda depressa<\/div>\n<div align=\"center\">caminho de santos<\/div>\n<div align=\"center\">riacho da pedreira<\/div>\n<div align=\"center\">entortou a boca da \u00e9gua<\/div>\n<div align=\"center\">mulher ciumenta<\/div>\n<div align=\"center\">chora<\/div>\n<div align=\"center\">quero um beijinho<\/div>\n<div align=\"center\">n\u00e3o sei se vou&#8230;<\/div>\n<div align=\"center\">est\u00f3ria do largato e o sabi\u00e1<\/div>\n<div align=\"center\">sai de perto dele<\/div>\n<div align=\"center\">voc\u00ea diz&#8230;<\/div>\n<div align=\"center\">asa branca<\/div>\n<div align=\"center\"><\/div>\n<div align=\"center\"><\/div>\n","protected":false},"excerpt":{"rendered":"<p>Ol\u00e1 amigos cultos e ocultos! Esta semana promete! Mas eu s\u00f3 n\u00e3o vou jurar para n\u00e3o haver frustra\u00e7\u00f5es. Fiquem ligados, pois a fonte est\u00e1 cada vez mais cheia, para matar a sede e lavar a alma \ud83d\ude42 Hoje eu estou &hellip; <a href=\"https:\/\/www.toque-musicall.com\/?p=710\">Continue lendo <span class=\"meta-nav\">&rarr;<\/span><\/a><\/p>\n","protected":false},"author":1,"featured_media":0,"comment_status":"open","ping_status":"closed","sticky":false,"template":"","format":"standard","meta":{"footnotes":""},"categories":[1006],"tags":[],"class_list":["post-710","post","type-post","status-publish","format-standard","hentry","category-os-3-do-brasil"],"_links":{"self":[{"href":"https:\/\/www.toque-musicall.com\/index.php?rest_route=\/wp\/v2\/posts\/710","targetHints":{"allow":["GET"]}}],"collection":[{"href":"https:\/\/www.toque-musicall.com\/index.php?rest_route=\/wp\/v2\/posts"}],"about":[{"href":"https:\/\/www.toque-musicall.com\/index.php?rest_route=\/wp\/v2\/types\/post"}],"author":[{"embeddable":true,"href":"https:\/\/www.toque-musicall.com\/index.php?rest_route=\/wp\/v2\/users\/1"}],"replies":[{"embeddable":true,"href":"https:\/\/www.toque-musicall.com\/index.php?rest_route=%2Fwp%2Fv2%2Fcomments&post=710"}],"version-history":[{"count":0,"href":"https:\/\/www.toque-musicall.com\/index.php?rest_route=\/wp\/v2\/posts\/710\/revisions"}],"wp:attachment":[{"href":"https:\/\/www.toque-musicall.com\/index.php?rest_route=%2Fwp%2Fv2%2Fmedia&parent=710"}],"wp:term":[{"taxonomy":"category","embeddable":true,"href":"https:\/\/www.toque-musicall.com\/index.php?rest_route=%2Fwp%2Fv2%2Fcategories&post=710"},{"taxonomy":"post_tag","embeddable":true,"href":"https:\/\/www.toque-musicall.com\/index.php?rest_route=%2Fwp%2Fv2%2Ftags&post=710"}],"curies":[{"name":"wp","href":"https:\/\/api.w.org\/{rel}","templated":true}]}}