{"id":7114,"date":"2020-01-27T18:44:18","date_gmt":"2020-01-27T21:44:18","guid":{"rendered":"http:\/\/www.toque-musicall.com\/?p=7114"},"modified":"2020-02-04T23:57:34","modified_gmt":"2020-02-05T02:57:34","slug":"geraldo-vandre-5-anos-de-cancao-1966","status":"publish","type":"post","link":"https:\/\/www.toque-musicall.com\/?p=7114","title":{"rendered":"Geraldo Vandr\u00e9 &#8211; 5 Anos De Can\u00e7\u00e3o (1966)"},"content":{"rendered":"\n<figure class=\"wp-block-image size-large\"><img decoding=\"async\" src=\"https:\/\/1.bp.blogspot.com\/-nO68izs6kRo\/Xi7QowRtWFI\/AAAAAAAAQZQ\/T6GaHLnqqfEPcOPqCI-1NlgQ7QBlKGXZQCLcBGAsYHQ\/s640\/Anota%25C3%25A7%25C3%25A3o%2B2020-01-25%2B165642.jpg\" alt=\"\"\/><\/figure>\n\n\n\n<figure class=\"wp-block-image size-large\"><img decoding=\"async\" src=\"https:\/\/1.bp.blogspot.com\/-xzjQ7lnO8G4\/Xi7QpPo2UdI\/AAAAAAAAQZU\/LiBoLfFVkmsbqVsUoHTK7AfpPoNEG8VlQCLcBGAsYHQ\/s640\/Anota%25C3%25A7%25C3%25A3o%2B2020-01-25%2B165724.jpg\" alt=\"\"\/><\/figure>\n\n\n<p>Bom dia a todos os amigos cultos e ocultos! Come\u00e7amos a semana com um disco que h\u00e1 muito j\u00e1 devia estar aqui. Mas todos tem a sua hora e hoje \u00e9 a vez dele, Geraldo Vandr\u00e9. E quando digo hoje, me refiro n\u00e3o apenas ao dia, mas ao tempo presente. Vandr\u00e9 nos dias atuais, de retrocessos, de amea\u00e7as fascistas, estupidez e ignor\u00e2ncia, representa um grito de liberdade, de consci\u00eancia social e pol\u00edtica, coisa que infelizmente nosso povo nunca adquiriu totalmente. \u00c9 triste dizer isso, mas o brasileiro nesse quesito \u00e9 um tremendo idiota, um eterno vassalo da elite, que um dia sonha em tamb\u00e9m ser elite e continuar fazendo o mesmo. E nesse (des)Governo que hoje achaca o Brasil, o que podemos esperar \u00e9 somente o desmonte geral da Educa\u00e7\u00e3o no pa\u00eds. At\u00e9 mesmo na Cultura, nas Artes, na M\u00fasica&#8230; vemos o reflexo da ignor\u00e2ncia&#8230; Como pode um povo aceitar isso? Acreditar num projeto constru\u00eddo no WhatsApp? Que tremendo engano! Que golpe dos diabos! E o povo n\u00e3o acorda&#8230; Por essas e outra \u00e9 que aqueles que ainda enxergam o fim do t\u00fanel devem guiar aqueles que est\u00e3o totalmente cego. O grande problema \u00e9 que esses cegos ainda n\u00e3o se tocaram de que est\u00e3o nas trevas, se iludem como bobos pelo brilho do espelho, pela luz que eles n\u00e3o tem&#8230; Triste realidade desse nosso povo. E ent\u00e3o, mais que nunca, \u00e9 preciso cantar&#8230; e ouvir e aprender com a hist\u00f3ria. Mais que nunca, este \u00e9 um disco que precisa ser escutado.<br \/>&#8220;5 Anos de Can\u00e7\u00e3o foi o terceiro \u00e1lbum de est\u00fadio do cantor e compositor paraibano Geraldo Vandr\u00e9. O disco foi lan\u00e7ado em 1966 e re\u00fane composi\u00e7\u00f5es que ele fez ao longo desses primeiros cinco anos de produ\u00e7\u00e3o musical. Vandr\u00e9 vem acompanhado pelo\u00a0 genial Trio Novo, formado por Heraldo do Monte, Th\u00e9o de Barros e Airton Moreira. Este disco re\u00fane alguma das muitas m\u00fasicas que fez a partir de 1960, quando ent\u00e3o comp\u00f4s seu primeiro e grande sucesso, ao lado de Carlo Lyra, a bel\u00edssima bossa &#8220;Quem quiser encontrar o amor&#8221;, que aqui \u00e9 tamb\u00e9m a grava\u00e7\u00e3o original feita com Baden Powell ao viol\u00e3o. Pessoalmente, este \u00e9 dos discos do Geraldo Vandr\u00e9 que eu mais gosto por conta, principalmente da &#8216;pegada&#8217; nordestina, a instrumenta\u00e7\u00e3o mel\u00f3dica e sua simplicidade. Acredito que, at\u00e9 ent\u00e3o, poucos foram os artistas que haviam se apropriado dessa forma, dos elementos de uma m\u00fasica de raiz, da moda de viola, a m\u00fasica nordestina&#8230; Sem d\u00favida, um cl\u00e1ssico, um disco de se tirar o chap\u00e9u. Certamente, este \u00e9 um disco que muitos ir\u00e3o encontrar por a\u00ed. Mas aqui tamb\u00e9m ele \u00e9 indispens\u00e1vel. N\u00e3o poderia ficar fora do acervo do Toque Musical. Confiram no GTM.<\/p>\n<div>porta estandarte<\/div>\n<div>depois \u00e9 s\u00f3 chorar<\/div>\n<div>tristeza de amar<\/div>\n<div>r\u00e9quiem para matraga<\/div>\n<div>canc\u00e3o do breve amor<\/div>\n<div>fica mal com deus<\/div>\n<div>rosa flor<\/div>\n<div>pequeno conserto que ficou can\u00e7\u00e3o<\/div>\n<div>se a tristeza chegar<\/div>\n<div>can\u00e7\u00e3o nordestina<\/div>\n<div>ningu\u00e9m mais pode sofrer<\/div>\n<div>quem quiser encontrar o amor<\/div>\n<div>\u00a0<\/div>\n<div>\u00a0<\/div>\n<div>.<\/div>\n<p>.<\/p>\n\n\n<p><\/p>\n","protected":false},"excerpt":{"rendered":"<p>Bom dia a todos os amigos cultos e ocultos! Come\u00e7amos a semana com um disco que h\u00e1 muito j\u00e1 devia estar aqui. Mas todos tem a sua hora e hoje \u00e9 a vez dele, Geraldo Vandr\u00e9. E quando digo hoje, &hellip; <a href=\"https:\/\/www.toque-musicall.com\/?p=7114\">Continue lendo <span class=\"meta-nav\">&rarr;<\/span><\/a><\/p>\n","protected":false},"author":1,"featured_media":0,"comment_status":"open","ping_status":"closed","sticky":false,"template":"","format":"standard","meta":{"footnotes":""},"categories":[258,2178],"tags":[3178],"class_list":["post-7114","post","type-post","status-publish","format-standard","hentry","category-geraldo-vandre","category-selo-som-maior","tag-selo-som-maior"],"_links":{"self":[{"href":"https:\/\/www.toque-musicall.com\/index.php?rest_route=\/wp\/v2\/posts\/7114","targetHints":{"allow":["GET"]}}],"collection":[{"href":"https:\/\/www.toque-musicall.com\/index.php?rest_route=\/wp\/v2\/posts"}],"about":[{"href":"https:\/\/www.toque-musicall.com\/index.php?rest_route=\/wp\/v2\/types\/post"}],"author":[{"embeddable":true,"href":"https:\/\/www.toque-musicall.com\/index.php?rest_route=\/wp\/v2\/users\/1"}],"replies":[{"embeddable":true,"href":"https:\/\/www.toque-musicall.com\/index.php?rest_route=%2Fwp%2Fv2%2Fcomments&post=7114"}],"version-history":[{"count":3,"href":"https:\/\/www.toque-musicall.com\/index.php?rest_route=\/wp\/v2\/posts\/7114\/revisions"}],"predecessor-version":[{"id":7140,"href":"https:\/\/www.toque-musicall.com\/index.php?rest_route=\/wp\/v2\/posts\/7114\/revisions\/7140"}],"wp:attachment":[{"href":"https:\/\/www.toque-musicall.com\/index.php?rest_route=%2Fwp%2Fv2%2Fmedia&parent=7114"}],"wp:term":[{"taxonomy":"category","embeddable":true,"href":"https:\/\/www.toque-musicall.com\/index.php?rest_route=%2Fwp%2Fv2%2Fcategories&post=7114"},{"taxonomy":"post_tag","embeddable":true,"href":"https:\/\/www.toque-musicall.com\/index.php?rest_route=%2Fwp%2Fv2%2Ftags&post=7114"}],"curies":[{"name":"wp","href":"https:\/\/api.w.org\/{rel}","templated":true}]}}